{"id":9025,"date":"2012-11-14T17:38:31","date_gmt":"2012-11-14T16:38:31","guid":{"rendered":"http:\/\/www.tucomarca.com\/wordpress\/segunda\/?p=9025"},"modified":"2012-11-14T17:38:31","modified_gmt":"2012-11-14T16:38:31","slug":"amparo-mora-apoya-la-lucha-contra-el-alzheimer-en-lliria","status":"publish","type":"post","link":"https:\/\/www.tucomarca.com\/wordpress\/segunda\/amparo-mora-apoya-la-lucha-contra-el-alzheimer-en-lliria\/","title":{"rendered":"Amparo Mora apoya la lucha contra el Alzheimer en Ll\u00edria"},"content":{"rendered":"<div>\n<figure id=\"attachment_9026\" aria-describedby=\"caption-attachment-9026\" style=\"width: 300px\" class=\"wp-caption alignleft\"><a href=\"https:\/\/www.tucomarca.com\/wordpress\/segunda\/wp-content\/uploads\/2012\/11\/DSC00226.jpg\"><img loading=\"lazy\" decoding=\"async\" class=\"size-medium wp-image-9026\" title=\"SONY DSC\" src=\"https:\/\/www.tucomarca.com\/wordpress\/segunda\/wp-content\/uploads\/2012\/11\/DSC00226-300x167.jpg\" alt=\"Amparo Mora apoya la lucha contra el Alzheimer en Ll\u00edria.\" width=\"300\" height=\"167\" srcset=\"https:\/\/www.tucomarca.com\/wordpress\/segunda\/wp-content\/uploads\/2012\/11\/DSC00226-300x167.jpg 300w, https:\/\/www.tucomarca.com\/wordpress\/segunda\/wp-content\/uploads\/2012\/11\/DSC00226-1024x572.jpg 1024w\" sizes=\"auto, (max-width: 300px) 100vw, 300px\" \/><\/a><figcaption id=\"caption-attachment-9026\" class=\"wp-caption-text\">Amparo Mora apoya la lucha contra el Alzheimer en Ll\u00edria.<\/figcaption><\/figure>\n<p>La diputada de Bienestar Social y Sanidad, Amparo Mora, visit\u00f3  ayer el Hogar del Jubilado de Ll\u00edria con motivo de la celebraci\u00f3n del  acto de sensibilizaci\u00f3n y autoayuda que organiza la Asociaci\u00f3n  valenciana de amigos de enfermos de Alzheimer.<\/p>\n<p>La vicepresidenta de la Diputaci\u00f3n de Valencia estuvo acompa\u00f1ada por  el alcalde de la localidad, Manuel Izquierdo y por la presidenta de  AVAMA Ll\u00edria, Fina Pablo. Al acto tambi\u00e9n asisiti\u00f3 el escritor Alberto  Gimeno, que present\u00f3 a los vecinos de esta localidad del Camp de Turia  su obra \u201dEl d\u00eda menos pensado\u201d, un tributo a las personas que padecen  esta enfermedad.<\/p>\n<\/div>\n","protected":false},"excerpt":{"rendered":"<div class=\"mh-excerpt\">La diputada de Bienestar Social y Sanidad, Amparo Mora, visit\u00f3 ayer el Hogar del Jubilado de Ll\u00edria con motivo de la celebraci\u00f3n del acto de sensibilizaci\u00f3n y autoayuda que organiza la Asociaci\u00f3n valenciana de amigos <a class=\"mh-excerpt-more\" href=\"https:\/\/www.tucomarca.com\/wordpress\/segunda\/amparo-mora-apoya-la-lucha-contra-el-alzheimer-en-lliria\/\" title=\"Amparo Mora apoya la lucha contra el Alzheimer en Ll\u00edria\">[+] <\/a><\/div>\n","protected":false},"author":1,"featured_media":9026,"comment_status":"open","ping_status":"open","sticky":false,"template":"","format":"standard","meta":{"footnotes":""},"categories":[46,119,8,47,3],"tags":[],"class_list":{"0":"post-9025","1":"post","2":"type-post","3":"status-publish","4":"format-standard","5":"has-post-thumbnail","7":"category-camp-de-turia","8":"category-sanidad-la-comarca","9":"category-la-comarca","10":"category-lliria","11":"category-seccion"},"_links":{"self":[{"href":"https:\/\/www.tucomarca.com\/wordpress\/segunda\/wp-json\/wp\/v2\/posts\/9025","targetHints":{"allow":["GET"]}}],"collection":[{"href":"https:\/\/www.tucomarca.com\/wordpress\/segunda\/wp-json\/wp\/v2\/posts"}],"about":[{"href":"https:\/\/www.tucomarca.com\/wordpress\/segunda\/wp-json\/wp\/v2\/types\/post"}],"author":[{"embeddable":true,"href":"https:\/\/www.tucomarca.com\/wordpress\/segunda\/wp-json\/wp\/v2\/users\/1"}],"replies":[{"embeddable":true,"href":"https:\/\/www.tucomarca.com\/wordpress\/segunda\/wp-json\/wp\/v2\/comments?post=9025"}],"version-history":[{"count":0,"href":"https:\/\/www.tucomarca.com\/wordpress\/segunda\/wp-json\/wp\/v2\/posts\/9025\/revisions"}],"wp:featuredmedia":[{"embeddable":true,"href":"https:\/\/www.tucomarca.com\/wordpress\/segunda\/wp-json\/wp\/v2\/media\/9026"}],"wp:attachment":[{"href":"https:\/\/www.tucomarca.com\/wordpress\/segunda\/wp-json\/wp\/v2\/media?parent=9025"}],"wp:term":[{"taxonomy":"category","embeddable":true,"href":"https:\/\/www.tucomarca.com\/wordpress\/segunda\/wp-json\/wp\/v2\/categories?post=9025"},{"taxonomy":"post_tag","embeddable":true,"href":"https:\/\/www.tucomarca.com\/wordpress\/segunda\/wp-json\/wp\/v2\/tags?post=9025"}],"curies":[{"name":"wp","href":"https:\/\/api.w.org\/{rel}","templated":true}]}}