{"id":9049,"date":"2012-11-14T18:05:38","date_gmt":"2012-11-14T17:05:38","guid":{"rendered":"http:\/\/www.tucomarca.com\/wordpress\/segunda\/?p=9049"},"modified":"2012-11-14T18:05:38","modified_gmt":"2012-11-14T17:05:38","slug":"la-plataforma-alcublana-por-la-recuperacion-del-entorno-solicita-la-creacion-de-un-plan-de-desarrollo-rural","status":"publish","type":"post","link":"https:\/\/www.tucomarca.com\/wordpress\/segunda\/la-plataforma-alcublana-por-la-recuperacion-del-entorno-solicita-la-creacion-de-un-plan-de-desarrollo-rural\/","title":{"rendered":"La plataforma Alcublana por la recuperaci\u00f3n del entorno solicita la creaci\u00f3n de un plan de desarrollo rural"},"content":{"rendered":"<p>La Plataforma Alcublana por la Recuperaci\u00f3n del Entorno ha solicitado a la Directora General de Prevenci\u00f3n, Extinci\u00f3n de Incendios y Emergencias, Irene Rodr\u00edguez, la creaci\u00f3n de un Plan Integral de Desarrollo Municipal Rural, de \u00e1mbito municipal y supramunicipal, que contemple medidas concretas de ordenaci\u00f3n del monte.<\/p>\n<p>\u201cSe necesita un proyecto donde se impliquen todas las Administraciones y agentes sociales con competencias, as\u00ed como la ciudadan\u00eda, para evitar que vuelvan a producirse incendios como los del verano; \u00e9ste es el principal objetivo por el cual se cre\u00f3 este Plataforma: evitar que suceda de nuevo. El Plan que pedimos supondr\u00eda una dotaci\u00f3n presupuestaria m\u00ednima y la concentraci\u00f3n de recursos ya existentes\u201d, se ha afirmado desde el colectivo.<\/p>\n<p>En la reuni\u00f3n de dos horas mantenida con Rodr\u00edguez y su equipo en el Centro de Coordinaci\u00f3n de Emergencias de l\u2019Eliana, la Plataforma ha constatado \u00abla voluntad de la Conselleria de Gobernaci\u00f3n por trabajar intentando superar los obst\u00e1culos que supone la divisi\u00f3n de competencias entre Consellerias. El colectivo ha puesto de manifiesto la importancia de contar con la colaboraci\u00f3n activa y permanente del ciudadano, y se ha tratado la posibilidad de crear una agrupaci\u00f3n local de defensa forestal en el municipio\u00bb.<\/p>\n<p>\u201cEs importante ir al monte y contribuir plantando un \u00e1rbol, pero entendemos que la colaboraci\u00f3n ciudadana ha de ser m\u00e1s amplia y comprometida, las instituciones han de tener en cuenta el potencial que puede suponer\u201d, se ha asegurado desde la Plataforma.<\/p>\n<p>Por lo que se refiere al proceso de extinci\u00f3n del incendio de Andilla-Alcublas, el colectivo ha pedido \u00abque se explique de manera clara qu\u00e9 ocurri\u00f3 para que llegara a tal magnitud. Rodr\u00edguez ha informado de que un comit\u00e9 de expertos est\u00e1 realizando un informe completo sobre las causas, y que estar\u00e1 listo en seis meses. La Plataforma ha apuntado que los afectados tambi\u00e9n son \u2018expertos\u2019, pues conocen la zona, el monte, y nadie les ha tenido en cuenta. La Directora General trasladar\u00e1 a este comit\u00e9 de expertos la propuesta de la Plataforma de participar en el mismo\u00bb.<\/p>\n<p>\u201cEstamos satisfechos con el encuentro, porque, partiendo de que tenemos el mismo objetivo (que no vuelvan a producirse estos incendios), se ha abierto un canal de comunicaci\u00f3n con la Conselleria donde aportaremos ideas para contribuir a la recuperaci\u00f3n del entorno\u201d.<\/p>\n<p>La Plataforma est\u00e1 a la espera de reunirse con la Conselleria de Medio Ambiente y tratar otros temas que son de su competencia.<\/p>\n","protected":false},"excerpt":{"rendered":"<div class=\"mh-excerpt\">La Plataforma Alcublana por la Recuperaci\u00f3n del Entorno ha solicitado a la Directora General de Prevenci\u00f3n, Extinci\u00f3n de Incendios y Emergencias, Irene Rodr\u00edguez, la creaci\u00f3n de un Plan Integral de Desarrollo Municipal Rural, de \u00e1mbito <a class=\"mh-excerpt-more\" href=\"https:\/\/www.tucomarca.com\/wordpress\/segunda\/la-plataforma-alcublana-por-la-recuperacion-del-entorno-solicita-la-creacion-de-un-plan-de-desarrollo-rural\/\" title=\"La plataforma Alcublana por la recuperaci\u00f3n del entorno solicita la creaci\u00f3n de un plan de desarrollo rural\">[+] <\/a><\/div>\n","protected":false},"author":1,"featured_media":0,"comment_status":"open","ping_status":"open","sticky":false,"template":"","format":"standard","meta":{"footnotes":""},"categories":[169,137,8,59,117,3],"tags":[],"class_list":{"0":"post-9049","1":"post","2":"type-post","3":"status-publish","4":"format-standard","6":"category-agricultura-la-comarca","7":"category-alcublas","8":"category-la-comarca","9":"category-los-serranos","10":"category-medio-ambiente-la-comarca","11":"category-seccion"},"_links":{"self":[{"href":"https:\/\/www.tucomarca.com\/wordpress\/segunda\/wp-json\/wp\/v2\/posts\/9049","targetHints":{"allow":["GET"]}}],"collection":[{"href":"https:\/\/www.tucomarca.com\/wordpress\/segunda\/wp-json\/wp\/v2\/posts"}],"about":[{"href":"https:\/\/www.tucomarca.com\/wordpress\/segunda\/wp-json\/wp\/v2\/types\/post"}],"author":[{"embeddable":true,"href":"https:\/\/www.tucomarca.com\/wordpress\/segunda\/wp-json\/wp\/v2\/users\/1"}],"replies":[{"embeddable":true,"href":"https:\/\/www.tucomarca.com\/wordpress\/segunda\/wp-json\/wp\/v2\/comments?post=9049"}],"version-history":[{"count":0,"href":"https:\/\/www.tucomarca.com\/wordpress\/segunda\/wp-json\/wp\/v2\/posts\/9049\/revisions"}],"wp:attachment":[{"href":"https:\/\/www.tucomarca.com\/wordpress\/segunda\/wp-json\/wp\/v2\/media?parent=9049"}],"wp:term":[{"taxonomy":"category","embeddable":true,"href":"https:\/\/www.tucomarca.com\/wordpress\/segunda\/wp-json\/wp\/v2\/categories?post=9049"},{"taxonomy":"post_tag","embeddable":true,"href":"https:\/\/www.tucomarca.com\/wordpress\/segunda\/wp-json\/wp\/v2\/tags?post=9049"}],"curies":[{"name":"wp","href":"https:\/\/api.w.org\/{rel}","templated":true}]}}