{"id":90929,"date":"2019-08-20T02:02:38","date_gmt":"2019-08-20T00:02:38","guid":{"rendered":"http:\/\/www.tucomarca.com\/wordpress\/segunda\/?p=90929"},"modified":"2019-08-20T10:27:51","modified_gmt":"2019-08-20T08:27:51","slug":"este-jueves-tendra-lugar-la-i-quedada-nocturna-de-montana-de-bunol","status":"publish","type":"post","link":"https:\/\/www.tucomarca.com\/wordpress\/segunda\/este-jueves-tendra-lugar-la-i-quedada-nocturna-de-montana-de-bunol\/","title":{"rendered":"Este jueves tendr\u00e1 lugar la I Quedada Nocturna de Monta\u00f1a de Bu\u00f1ol"},"content":{"rendered":"<p>El Ayuntamiento de Bu\u00f1ol\u00a0con la\u00a0colaboraci\u00f3n del\u00a0C.A Correores de Bu\u00f1ol\u00a0informa de una nueva actividad que han\u00a0preparado para le semana que viene, dentro de las Jornadas\u00a0Deportivas\u00a0de\u00a0la Feria\u00a0y Fiestas\u00a0de Bu\u00f1ol 2019.<\/p>\n<p>Se trata de la I Quedada\u00a0Nocturna\u00a0Monta\u00f1a\u00a0de\u00a0Bu\u00f1ol, una quedada no\u00a0competitiva con el \u00fanico fin de disfrutar de los parajes de Bu\u00f1ol, pero bajo la luz de la luna. Para ello el C.A Correores\u00a0de\u00a0Bu\u00f1ol a preparado un recorrido de 8Km y 280m+- desnivel positivo, que empezar\u00e1 y terminar\u00e1 en el Parque de San Luis, pasando por la Jarra, playa de Carcalin, Alto Jorge, la Espinaca, el Roquillo, Montesico, el Castillo de Bu\u00f1ol y terminaremos en Parque San Luis,.<\/p>\n<p>Empezar\u00e1 a las 22:30 h, sin inscripci\u00f3n\u00a0y hay\u00a0un obsequio preparado para tod@s l@s participantes. No es competitiva y habr\u00e1 diferentes ritmos (andando, trotando) todos ellos guiados por compa\u00f1er@s del Club.\u00a0M\u00e1s informaci\u00f3n al Telf. 699969316.\u00a0Jueves 22 de Agosto a las 22:30h en el Parque de San Luis (Bu\u00f1ol).<\/p>\n","protected":false},"excerpt":{"rendered":"<div class=\"mh-excerpt\">El Ayuntamiento de Bu\u00f1ol\u00a0con la\u00a0colaboraci\u00f3n del\u00a0C.A Correores de Bu\u00f1ol\u00a0informa de una nueva actividad que han\u00a0preparado para le semana que viene, dentro de las Jornadas\u00a0Deportivas\u00a0de\u00a0la Feria\u00a0y Fiestas\u00a0de Bu\u00f1ol 2019. Se trata de la I Quedada\u00a0Nocturna\u00a0Monta\u00f1a\u00a0de\u00a0Bu\u00f1ol, una <a class=\"mh-excerpt-more\" href=\"https:\/\/www.tucomarca.com\/wordpress\/segunda\/este-jueves-tendra-lugar-la-i-quedada-nocturna-de-montana-de-bunol\/\" title=\"Este jueves tendr\u00e1 lugar la I Quedada Nocturna de Monta\u00f1a de Bu\u00f1ol\">[+] <\/a><\/div>\n","protected":false},"author":1,"featured_media":90952,"comment_status":"open","ping_status":"open","sticky":false,"template":"","format":"standard","meta":{"footnotes":""},"categories":[4,18,6,8,10,3],"tags":[10385,5952],"class_list":{"0":"post-90929","1":"post","2":"type-post","3":"status-publish","4":"format-standard","5":"has-post-thumbnail","7":"category-agenda","8":"category-bunol","9":"category-deportes","10":"category-la-comarca","11":"category-la-hoya","12":"category-seccion","13":"tag-bunol","14":"tag-la-hoya-de-bunol-chiva"},"_links":{"self":[{"href":"https:\/\/www.tucomarca.com\/wordpress\/segunda\/wp-json\/wp\/v2\/posts\/90929","targetHints":{"allow":["GET"]}}],"collection":[{"href":"https:\/\/www.tucomarca.com\/wordpress\/segunda\/wp-json\/wp\/v2\/posts"}],"about":[{"href":"https:\/\/www.tucomarca.com\/wordpress\/segunda\/wp-json\/wp\/v2\/types\/post"}],"author":[{"embeddable":true,"href":"https:\/\/www.tucomarca.com\/wordpress\/segunda\/wp-json\/wp\/v2\/users\/1"}],"replies":[{"embeddable":true,"href":"https:\/\/www.tucomarca.com\/wordpress\/segunda\/wp-json\/wp\/v2\/comments?post=90929"}],"version-history":[{"count":0,"href":"https:\/\/www.tucomarca.com\/wordpress\/segunda\/wp-json\/wp\/v2\/posts\/90929\/revisions"}],"wp:featuredmedia":[{"embeddable":true,"href":"https:\/\/www.tucomarca.com\/wordpress\/segunda\/wp-json\/wp\/v2\/media\/90952"}],"wp:attachment":[{"href":"https:\/\/www.tucomarca.com\/wordpress\/segunda\/wp-json\/wp\/v2\/media?parent=90929"}],"wp:term":[{"taxonomy":"category","embeddable":true,"href":"https:\/\/www.tucomarca.com\/wordpress\/segunda\/wp-json\/wp\/v2\/categories?post=90929"},{"taxonomy":"post_tag","embeddable":true,"href":"https:\/\/www.tucomarca.com\/wordpress\/segunda\/wp-json\/wp\/v2\/tags?post=90929"}],"curies":[{"name":"wp","href":"https:\/\/api.w.org\/{rel}","templated":true}]}}