{"id":91432,"date":"2019-08-27T16:15:03","date_gmt":"2019-08-27T14:15:03","guid":{"rendered":"http:\/\/www.tucomarca.com\/wordpress\/segunda\/?p=91432"},"modified":"2019-08-27T16:15:03","modified_gmt":"2019-08-27T14:15:03","slug":"el-club-senderismo-de-valencia-organiza-el-taller-de-iniciacion-al-senderismo-quinta-edicion-en-yatova","status":"publish","type":"post","link":"https:\/\/www.tucomarca.com\/wordpress\/segunda\/el-club-senderismo-de-valencia-organiza-el-taller-de-iniciacion-al-senderismo-quinta-edicion-en-yatova\/","title":{"rendered":"El\u00a0Club Senderismo de Valencia organiza el \u00abTaller de Iniciaci\u00f3n al Senderismo, Quinta Edici\u00f3n\u00bb en Y\u00e1tova"},"content":{"rendered":"<p>El taller se desarrollar\u00e1 en el municipio de Y\u00e1tova y cuenta con la colaboraci\u00f3n del ayuntamiento.<\/p>\n<p>En el fant\u00e1stico entorno del Parque de San Vicente, se impartir\u00e1 un peque\u00f1o bloque te\u00f3rico, para despu\u00e9s recorrer parcialmente el\u00a0SL-CV 168 \u201cCueva de las Palomas\u201d\u00a0y poner en pr\u00e1ctica lo aprendido.<\/p>\n<p>La actividad es gratuita, y en ella los participantes aprender\u00e1n a prepararse para una ruta de senderismo: elegir el equipo m\u00e1s adecuado, progresar por la monta\u00f1a en diferentes condiciones y tipos de firme, c\u00f3mo actuar en\u00a0caso de emergencia y muchas m\u00e1s cosas.<\/p>\n<p>Para la correcta asimilaci\u00f3n de los conceptos b\u00e1sicos (y algunos no tan b\u00e1sicos), a los participantes se le facilitar\u00e1, de forma gratuita, una completa\u00a0Gu\u00eda de Iniciaci\u00f3n al Senderismo\u00a0(en formato PDF) as\u00ed como un par de fichas impresas para su uso durante las explicaciones.<\/p>\n<p>Con esta serie de talleres, el\u00a0Club Senderismo de Valencia\u00a0pretende que la aproximaci\u00f3n y el contacto con la monta\u00f1a en la pr\u00e1ctica de este deporte se haga de una manera segura y de ese\u00a0modo reducir el elevado n\u00famero de accidentes que en los \u00faltimos a\u00f1os se est\u00e1n produciendo.<span class=\"Apple-converted-space\">\u00a0<\/span><\/p>\n<p>Es por ello que consideramos importante su ayuda en la difusi\u00f3n de acciones, que como la nuestra, van encaminadas en hacer de la monta\u00f1as un lugar m\u00e1s seguro.<\/p>\n<p>&nbsp;<\/p>\n<p>Para respetar el entorno y que la actividad se desarrolle con normalidad, las plazas para esta actividad son limitadas. Fecha tope de inscripci\u00f3n: martes d\u00eda 10 de septiembre.<\/p>\n<p>&nbsp;<\/p>\n<p>INFORMACI\u00d3N DE LA RUTA E INSCRIPCIONES:\u00a0Taller de Iniciaci\u00f3n al Senderismo, Quinta Edici\u00f3n.<\/p>\n<p>Para cualquier informaci\u00f3n complementaria, dirigirse a:\u00a0grupo.senderista.valencia@gmail.com<span class=\"Apple-converted-space\">\u00a0<\/span><\/p>\n<p>&nbsp;<\/p>\n<p>Esperamos que esta informaci\u00f3n sea de vuestro inter\u00e9s y agradecemos de antemano su colaboraci\u00f3n.<\/p>\n","protected":false},"excerpt":{"rendered":"<div class=\"mh-excerpt\">El taller se desarrollar\u00e1 en el municipio de Y\u00e1tova y cuenta con la colaboraci\u00f3n del ayuntamiento. En el fant\u00e1stico entorno del Parque de San Vicente, se impartir\u00e1 un peque\u00f1o bloque te\u00f3rico, para despu\u00e9s recorrer parcialmente <a class=\"mh-excerpt-more\" href=\"https:\/\/www.tucomarca.com\/wordpress\/segunda\/el-club-senderismo-de-valencia-organiza-el-taller-de-iniciacion-al-senderismo-quinta-edicion-en-yatova\/\" title=\"El\u00a0Club Senderismo de Valencia organiza el \u00abTaller de Iniciaci\u00f3n al Senderismo, Quinta Edici\u00f3n\u00bb en Y\u00e1tova\">[+] <\/a><\/div>\n","protected":false},"author":1,"featured_media":91433,"comment_status":"open","ping_status":"open","sticky":false,"template":"","format":"standard","meta":{"footnotes":""},"categories":[8,10,3,11],"tags":[5952,10380],"class_list":{"0":"post-91432","1":"post","2":"type-post","3":"status-publish","4":"format-standard","5":"has-post-thumbnail","7":"category-la-comarca","8":"category-la-hoya","9":"category-seccion","10":"category-yatova","11":"tag-la-hoya-de-bunol-chiva","12":"tag-yatova"},"_links":{"self":[{"href":"https:\/\/www.tucomarca.com\/wordpress\/segunda\/wp-json\/wp\/v2\/posts\/91432","targetHints":{"allow":["GET"]}}],"collection":[{"href":"https:\/\/www.tucomarca.com\/wordpress\/segunda\/wp-json\/wp\/v2\/posts"}],"about":[{"href":"https:\/\/www.tucomarca.com\/wordpress\/segunda\/wp-json\/wp\/v2\/types\/post"}],"author":[{"embeddable":true,"href":"https:\/\/www.tucomarca.com\/wordpress\/segunda\/wp-json\/wp\/v2\/users\/1"}],"replies":[{"embeddable":true,"href":"https:\/\/www.tucomarca.com\/wordpress\/segunda\/wp-json\/wp\/v2\/comments?post=91432"}],"version-history":[{"count":0,"href":"https:\/\/www.tucomarca.com\/wordpress\/segunda\/wp-json\/wp\/v2\/posts\/91432\/revisions"}],"wp:featuredmedia":[{"embeddable":true,"href":"https:\/\/www.tucomarca.com\/wordpress\/segunda\/wp-json\/wp\/v2\/media\/91433"}],"wp:attachment":[{"href":"https:\/\/www.tucomarca.com\/wordpress\/segunda\/wp-json\/wp\/v2\/media?parent=91432"}],"wp:term":[{"taxonomy":"category","embeddable":true,"href":"https:\/\/www.tucomarca.com\/wordpress\/segunda\/wp-json\/wp\/v2\/categories?post=91432"},{"taxonomy":"post_tag","embeddable":true,"href":"https:\/\/www.tucomarca.com\/wordpress\/segunda\/wp-json\/wp\/v2\/tags?post=91432"}],"curies":[{"name":"wp","href":"https:\/\/api.w.org\/{rel}","templated":true}]}}