{"id":91469,"date":"2019-08-29T15:57:15","date_gmt":"2019-08-29T13:57:15","guid":{"rendered":"http:\/\/www.tucomarca.com\/wordpress\/segunda\/?p=91469"},"modified":"2019-08-29T15:57:15","modified_gmt":"2019-08-29T13:57:15","slug":"era-jeff-bezos-el-fundador-de-amazon-el-que-estaba-en-la-tomatina-de-bunol-o-no","status":"publish","type":"post","link":"https:\/\/www.tucomarca.com\/wordpress\/segunda\/era-jeff-bezos-el-fundador-de-amazon-el-que-estaba-en-la-tomatina-de-bunol-o-no\/","title":{"rendered":"\u00bfEra Jeff Bezos, el fundador de Amazon, el que estaba en La Tomatina de Bu\u00f1ol, o no?"},"content":{"rendered":"<figure id=\"attachment_91472\" aria-describedby=\"caption-attachment-91472\" style=\"width: 662px\" class=\"wp-caption alignnone\"><img loading=\"lazy\" decoding=\"async\" class=\" wp-image-91472\" src=\"https:\/\/www.tucomarca.com\/wordpress\/segunda\/wp-content\/uploads\/2019\/08\/bezosono.jpg\" alt=\"Una imagen extra\u00edda de la retransmisi\u00f3n de la edici\u00f3n de 2019 de tucomarca televisi\u00f3n.\" width=\"662\" height=\"372\" srcset=\"https:\/\/www.tucomarca.com\/wordpress\/segunda\/wp-content\/uploads\/2019\/08\/bezosono.jpg 5120w, https:\/\/www.tucomarca.com\/wordpress\/segunda\/wp-content\/uploads\/2019\/08\/bezosono-300x169.jpg 300w, https:\/\/www.tucomarca.com\/wordpress\/segunda\/wp-content\/uploads\/2019\/08\/bezosono-768x432.jpg 768w, https:\/\/www.tucomarca.com\/wordpress\/segunda\/wp-content\/uploads\/2019\/08\/bezosono-1024x576.jpg 1024w\" sizes=\"auto, (max-width: 662px) 100vw, 662px\" \/><figcaption id=\"caption-attachment-91472\" class=\"wp-caption-text\">Una imagen extra\u00edda de la retransmisi\u00f3n de la edici\u00f3n de 2019 de tucomarca televisi\u00f3n.<\/figcaption><\/figure>\n<p>Como ya ha avanzado <strong>tucomarca.com<\/strong> en su edici\u00f3n en papel publicada\u00a0este jueves, y aunque ninguna fuente oficial consultada por <strong>tucomarca televisi\u00f3n<\/strong>\u00a0ha confirmado\u00a0de manera oficial su presencia, las especulaciones se han desatado acerca de la presencia, o no, de Jeff Bezos, el fundador de Amazon, disfrutando en primera persona de\u00a0la \u00faltima edici\u00f3n de\u00a0La Tomatina de Bu\u00f1ol.<\/p>\n<p>Aunque incluso en un primer momento fuentes oficiales de la organizaci\u00f3n de La Tomatina\u00a0confirmaron la presencia del\u00a0creador y propietario de Facebook, Mark Zuckerberg, algo que en ning\u00fan momento se ha podido confirmar fehacientemente.<\/p>\n<p>En cualquier caso, s\u00ed que <strong>tucomarca.com<\/strong> ha podido constatar de fuentes oficiales\u00a0que altos ejecutivos de empresas tecnol\u00f3gicas norteamericanas contemplaron desde una de las terrazas pr\u00f3ximas al festejo el desarrollo de esta \u00faltima edici\u00f3n de La Tomatina.<\/p>\n<p>\u00bfEstaban Jeff Bezos,\u00a0Mark Zuckerberg o incluso alg\u00fan alto ejecutivo de la tambi\u00e9n firma estadounidense Google entre ellos? Juzguen ustedes en la foto adjunta extra\u00edda de la retransmisi\u00f3n en directo realizada por <strong>tucomarca televisi\u00f3n<\/strong>\u00a0de La Tomatina de Bu\u00f1ol de este mi\u00e9rcoles por la ma\u00f1ana.<\/p>\n","protected":false},"excerpt":{"rendered":"<div class=\"mh-excerpt\">Como ya ha avanzado tucomarca.com en su edici\u00f3n en papel publicada\u00a0este jueves, y aunque ninguna fuente oficial consultada por tucomarca televisi\u00f3n\u00a0ha confirmado\u00a0de manera oficial su presencia, las especulaciones se han desatado acerca de la presencia, <a class=\"mh-excerpt-more\" href=\"https:\/\/www.tucomarca.com\/wordpress\/segunda\/era-jeff-bezos-el-fundador-de-amazon-el-que-estaba-en-la-tomatina-de-bunol-o-no\/\" title=\"\u00bfEra Jeff Bezos, el fundador de Amazon, el que estaba en La Tomatina de Bu\u00f1ol, o no?\">[+] <\/a><\/div>\n","protected":false},"author":1,"featured_media":91472,"comment_status":"open","ping_status":"open","sticky":false,"template":"","format":"standard","meta":{"footnotes":""},"categories":[18,72,10,5,383,3,45],"tags":[11594,10385,9906,7689],"class_list":{"0":"post-91469","1":"post","2":"type-post","3":"status-publish","4":"format-standard","5":"has-post-thumbnail","7":"category-bunol","8":"category-sin-categorizar","9":"category-la-hoya","10":"category-la-semana-en-imagenes","11":"category-pueblos-en-fiestas","12":"category-seccion","13":"category-ventana","14":"tag-11594","15":"tag-bunol","16":"tag-bunyol","17":"tag-la-tomatina"},"_links":{"self":[{"href":"https:\/\/www.tucomarca.com\/wordpress\/segunda\/wp-json\/wp\/v2\/posts\/91469","targetHints":{"allow":["GET"]}}],"collection":[{"href":"https:\/\/www.tucomarca.com\/wordpress\/segunda\/wp-json\/wp\/v2\/posts"}],"about":[{"href":"https:\/\/www.tucomarca.com\/wordpress\/segunda\/wp-json\/wp\/v2\/types\/post"}],"author":[{"embeddable":true,"href":"https:\/\/www.tucomarca.com\/wordpress\/segunda\/wp-json\/wp\/v2\/users\/1"}],"replies":[{"embeddable":true,"href":"https:\/\/www.tucomarca.com\/wordpress\/segunda\/wp-json\/wp\/v2\/comments?post=91469"}],"version-history":[{"count":0,"href":"https:\/\/www.tucomarca.com\/wordpress\/segunda\/wp-json\/wp\/v2\/posts\/91469\/revisions"}],"wp:featuredmedia":[{"embeddable":true,"href":"https:\/\/www.tucomarca.com\/wordpress\/segunda\/wp-json\/wp\/v2\/media\/91472"}],"wp:attachment":[{"href":"https:\/\/www.tucomarca.com\/wordpress\/segunda\/wp-json\/wp\/v2\/media?parent=91469"}],"wp:term":[{"taxonomy":"category","embeddable":true,"href":"https:\/\/www.tucomarca.com\/wordpress\/segunda\/wp-json\/wp\/v2\/categories?post=91469"},{"taxonomy":"post_tag","embeddable":true,"href":"https:\/\/www.tucomarca.com\/wordpress\/segunda\/wp-json\/wp\/v2\/tags?post=91469"}],"curies":[{"name":"wp","href":"https:\/\/api.w.org\/{rel}","templated":true}]}}