{"id":92252,"date":"2019-09-11T16:00:10","date_gmt":"2019-09-11T14:00:10","guid":{"rendered":"http:\/\/www.tucomarca.com\/wordpress\/segunda\/?p=92252"},"modified":"2019-09-11T16:00:10","modified_gmt":"2019-09-11T14:00:10","slug":"la-diputacio-de-valencia-rinde-homenaje-a-los-iturbi","status":"publish","type":"post","link":"https:\/\/www.tucomarca.com\/wordpress\/segunda\/la-diputacio-de-valencia-rinde-homenaje-a-los-iturbi\/","title":{"rendered":"La Diputaci\u00f3 de Val\u00e8ncia rinde homenaje a los Iturbi"},"content":{"rendered":"<figure id=\"attachment_92253\" aria-describedby=\"caption-attachment-92253\" style=\"width: 547px\" class=\"wp-caption alignnone\"><img loading=\"lazy\" decoding=\"async\" class=\" wp-image-92253\" src=\"https:\/\/www.tucomarca.com\/wordpress\/segunda\/wp-content\/uploads\/2019\/09\/Iturbi.jpg\" alt=\"Un completo programa conmemorar\u00e1 hasta el 29 de septiembre las veinte ediciones anteriores de este premio internacional de piano, con exposiciones, conferencias, recitales y conciertos.\" width=\"547\" height=\"270\" srcset=\"https:\/\/www.tucomarca.com\/wordpress\/segunda\/wp-content\/uploads\/2019\/09\/Iturbi.jpg 2362w, https:\/\/www.tucomarca.com\/wordpress\/segunda\/wp-content\/uploads\/2019\/09\/Iturbi-300x148.jpg 300w, https:\/\/www.tucomarca.com\/wordpress\/segunda\/wp-content\/uploads\/2019\/09\/Iturbi-768x379.jpg 768w, https:\/\/www.tucomarca.com\/wordpress\/segunda\/wp-content\/uploads\/2019\/09\/Iturbi-1024x506.jpg 1024w\" sizes=\"auto, (max-width: 547px) 100vw, 547px\" \/><figcaption id=\"caption-attachment-92253\" class=\"wp-caption-text\">Un completo programa conmemorar\u00e1 hasta el 29 de septiembre las veinte ediciones anteriores de este premio internacional de piano, con exposiciones, conferencias, recitales y conciertos.<\/figcaption><\/figure>\n<p>El premio Internacional de Piano de Val\u00e8ncia, Premio Iturbi, celebrar\u00e1 este a\u00f1o, desde el 11 al 29 de septiembre, una serie de actos, recitales y conciertos para conmemorar el camino recorrido a lo largo de sus 20 ediciones.<\/p>\n<p>\u201cUn completo programa, para una conmemoraci\u00f3n que hace un repaso de las veinte ediciones anteriores con la intenci\u00f3n de diversificarse en el\u00a0territorio, conectar con la ciudadan\u00eda y dar un enfoque abierto a la sociedad; en definitiva, una edici\u00f3n especial que ayude a reivindicar el potencial de los Iturbi y a hacerlos crecer\u201d, seg\u00fan ha explicado la diputada de los Premios Iturbi, Gl\u00f2ria Tello.<\/p>\n<p>El premio Iturbi, que naci\u00f3 en 1981, ha sido un certamen internacional que, a lo largo del tiempo, y con la participaci\u00f3n de numerosos pianistas procedentes de todo el mundo, se ha ido consolidando como un referente de los concursos internacionales de piano. Igualmente, muchos de los j\u00f3venes pianistas que han configurado su historia son hoy en d\u00eda artistas de reconocido prestigio.<\/p>\n<p>Es por eso que, desde el \u00e1rea de Cultura de la Diputaci\u00f3 de Valencia se quiere hacer balance de los \u00e9xitos y aciertos de esta competici\u00f3n, y analizar tambi\u00e9n en qu\u00e9 aspectos el premio puede afrontar nuevas perspectivas que lo lleven a crecer en esta modalidad de concursos de m\u00fasica, reforzando la identidad propia del concurso.<\/p>\n<p>Dentro del ciclo de conciertos previstos, las comarcas valencianas podr\u00e1n disfrutar de recitales de pianistas como\u00a0Elza\u00a0Kolodin, primera ganadora del premio, o el valenciano Josu de\u00a0Solaun, \u00fanico espa\u00f1ol en ganar este galard\u00f3n. Otros de los pianistas invitados ser\u00e1n Mire\u00a0Yampolsky, Marta Espin\u00f3s, Antonio Galera, Marianna Gurkova, Marianna Prjevalskaya, \u00c1ngel\u00a0Sanzo\u00a0y\u00a0Luka\u00a0Okros. Pianistas que dedicar\u00e1n algunas de sus horas en Valencia para entrar en contacto a trav\u00e9s de algunas clases magistrales con j\u00f3venes pianistas de los conservatorios valencianos. Adem\u00e1s, el viernes 27 de septiembre, el Palau de les Arts acoger\u00e1 un concierto de cuatro de los galardonados del Premio Iturbi, junto a la Orquesta de Val\u00e8ncia dirigida por Rub\u00e9n Gimeno.<\/p>\n<p>El programa de actividades tendr\u00e1 su colof\u00f3n el s\u00e1bado 28 de septiembre con la\u00a0Gala\u00a0Iturbis,\u00a0que se celebrar\u00e1 en el Teatro Principal de Val\u00e8ncia a partir de las 20,00 horas y ser\u00e1 conducida por\u00a0Cashalada, con la presencia de algunos de los pianistas galardonados en estos 20 a\u00f1os, y donde se estrenar\u00e1 una fantas\u00eda para piano compuesta por la valenciana residente en los Estados Unidos, Amparo Edo.<\/p>\n<p><b>Exposici\u00f3n\u00a0Iturbis<br \/>\n<\/b><br \/>\nEn la Sala 2 del Centro Cultural la\u00a0Beneficencia, tendr\u00e1 lugar el lunes 23 de septiembre la inauguraci\u00f3n de la exposici\u00f3n\u00a0Iturbis, una muestra de fotograf\u00edas y documentaci\u00f3n de gran inter\u00e9s sobre estos dos hermanos, una exposici\u00f3n que estar\u00e1 abierta desde el martes 24 hasta el domingo 29 de septiembre.<\/p>\n<p>En ese sentido, la diputada del Premio Iturbi, Gl\u00f2ria Tello, ha manifestado la importancia del trabajo de investigaci\u00f3n llevado a cabo sobre la figura de los\u00a0Iturbis, la de Amparo y Jos\u00e9, \u201cunos valencianos universales\u201d sobre los que todav\u00eda hay muchas cosas por saber y contar.<\/p>\n<p><b>Ciclo de conferencias<\/b><\/p>\n<p>Por otro lado, la Sala Alfons el Magn\u00e0nim del Centro Cultural la Benefic\u00e8ncia acoger\u00e1 los d\u00edas 25, 26 y 27 de septiembre un ciclo de conferencias sobre las figuras de Amparo y Jos\u00e9 Iturbi. Igualmente, dentro de este ciclo se har\u00e1 an\u00e1lisis de lo que ha sido y ha supuesto el Concurso Internacional de Piano de Val\u00e8ncia y se analizar\u00e1n las nuevas perspectivas de este concurso. Todo esto de la mano de especialistas y con la presencia del nieto de Amparo Iturbi, Robert O\u2019Sullivan-Ballester\u00a0que, a pesar de residir actualmente en los Estados Unidos, ha querido estar presente en esta celebraci\u00f3n. Este ciclo estar\u00e1 dirigido y coordinado por la profesora de Investigaci\u00f3n Musical de la\u00a0Universidad\u00a0Internacional de la\u00a0Rioja, In\u00e9s Sevilla.<\/p>\n<p><b>Proyecciones de cine<\/b><\/p>\n<p>Dentro de los actos de celebraci\u00f3n de las 20 ediciones del Concurso Internacional de Piano de Val\u00e8ncia, los d\u00edas 19 y 20 de septiembre se proyectar\u00e1n, en el Centro del Carme de Val\u00e8ncia, dos pel\u00edculas y un documental en los cuales son protagonistas los hermanos Iturbi.<\/p>\n<p>As\u00ed, el jueves 19 de septiembre se proyectar\u00e1 la pel\u00edcula \u2018Anchors\u00a0Aweigh\u2019\u00a0(Levando\u00a0anclas). Mientras que el viernes 20 de septiembre se proyectar\u00e1 el documental \u2018Valientes\u2019 y la pel\u00edcula \u2018Holiday\u00a0in\u00a0Mexico\u2019. Ambas jornadas ser\u00e1n presentadas por el profesor de Did\u00e1ctica Musical de la Universitat de Val\u00e8ncia, Vicent Galbis.<span class=\"Apple-converted-space\">\u00a0<\/span><\/p>\n","protected":false},"excerpt":{"rendered":"<div class=\"mh-excerpt\">El premio Internacional de Piano de Val\u00e8ncia, Premio Iturbi, celebrar\u00e1 este a\u00f1o, desde el 11 al 29 de septiembre, una serie de actos, recitales y conciertos para conmemorar el camino recorrido a lo largo de <a class=\"mh-excerpt-more\" href=\"https:\/\/www.tucomarca.com\/wordpress\/segunda\/la-diputacio-de-valencia-rinde-homenaje-a-los-iturbi\/\" title=\"La Diputaci\u00f3 de Val\u00e8ncia rinde homenaje a los Iturbi\">[+] <\/a><\/div>\n","protected":false},"author":1,"featured_media":92253,"comment_status":"open","ping_status":"open","sticky":false,"template":"","format":"standard","meta":{"footnotes":""},"categories":[66,128,8,72,59,7,142,3,45],"tags":[3677],"class_list":{"0":"post-92252","1":"post","2":"type-post","3":"status-publish","4":"format-standard","5":"has-post-thumbnail","7":"category-musica","8":"category-infraestructuras","9":"category-la-comarca","10":"category-sin-categorizar","11":"category-los-serranos","12":"category-ocio-y-cultura","13":"category-politica-la-comarca","14":"category-seccion","15":"category-ventana","16":"tag-diputacio-de-valencia"},"_links":{"self":[{"href":"https:\/\/www.tucomarca.com\/wordpress\/segunda\/wp-json\/wp\/v2\/posts\/92252","targetHints":{"allow":["GET"]}}],"collection":[{"href":"https:\/\/www.tucomarca.com\/wordpress\/segunda\/wp-json\/wp\/v2\/posts"}],"about":[{"href":"https:\/\/www.tucomarca.com\/wordpress\/segunda\/wp-json\/wp\/v2\/types\/post"}],"author":[{"embeddable":true,"href":"https:\/\/www.tucomarca.com\/wordpress\/segunda\/wp-json\/wp\/v2\/users\/1"}],"replies":[{"embeddable":true,"href":"https:\/\/www.tucomarca.com\/wordpress\/segunda\/wp-json\/wp\/v2\/comments?post=92252"}],"version-history":[{"count":0,"href":"https:\/\/www.tucomarca.com\/wordpress\/segunda\/wp-json\/wp\/v2\/posts\/92252\/revisions"}],"wp:featuredmedia":[{"embeddable":true,"href":"https:\/\/www.tucomarca.com\/wordpress\/segunda\/wp-json\/wp\/v2\/media\/92253"}],"wp:attachment":[{"href":"https:\/\/www.tucomarca.com\/wordpress\/segunda\/wp-json\/wp\/v2\/media?parent=92252"}],"wp:term":[{"taxonomy":"category","embeddable":true,"href":"https:\/\/www.tucomarca.com\/wordpress\/segunda\/wp-json\/wp\/v2\/categories?post=92252"},{"taxonomy":"post_tag","embeddable":true,"href":"https:\/\/www.tucomarca.com\/wordpress\/segunda\/wp-json\/wp\/v2\/tags?post=92252"}],"curies":[{"name":"wp","href":"https:\/\/api.w.org\/{rel}","templated":true}]}}