{"id":92462,"date":"2019-09-26T19:27:01","date_gmt":"2019-09-26T17:27:01","guid":{"rendered":"http:\/\/www.tucomarca.com\/wordpress\/segunda\/?p=92462"},"modified":"2019-09-26T19:27:01","modified_gmt":"2019-09-26T17:27:01","slug":"el-pleno-de-cheste-aprueba-la-cuenta-general-2018","status":"publish","type":"post","link":"https:\/\/www.tucomarca.com\/wordpress\/segunda\/el-pleno-de-cheste-aprueba-la-cuenta-general-2018\/","title":{"rendered":"El pleno de Cheste aprueba la cuenta general 2018"},"content":{"rendered":"<figure id=\"attachment_92463\" aria-describedby=\"caption-attachment-92463\" style=\"width: 475px\" class=\"wp-caption alignnone\"><img loading=\"lazy\" decoding=\"async\" class=\" wp-image-92463\" src=\"https:\/\/www.tucomarca.com\/wordpress\/segunda\/wp-content\/uploads\/2019\/09\/Chestepleno.jpg\" alt=\"En el pleno se aprobaron la cuenta general de 2018, con la abstenci\u00f3n de la oposici\u00f3n, y otros puntos del d\u00eda.\" width=\"475\" height=\"317\" srcset=\"https:\/\/www.tucomarca.com\/wordpress\/segunda\/wp-content\/uploads\/2019\/09\/Chestepleno.jpg 5472w, https:\/\/www.tucomarca.com\/wordpress\/segunda\/wp-content\/uploads\/2019\/09\/Chestepleno-300x200.jpg 300w, https:\/\/www.tucomarca.com\/wordpress\/segunda\/wp-content\/uploads\/2019\/09\/Chestepleno-768x512.jpg 768w, https:\/\/www.tucomarca.com\/wordpress\/segunda\/wp-content\/uploads\/2019\/09\/Chestepleno-1024x683.jpg 1024w\" sizes=\"auto, (max-width: 475px) 100vw, 475px\" \/><figcaption id=\"caption-attachment-92463\" class=\"wp-caption-text\">En el pleno se aprobaron la cuenta general de 2018, con la abstenci\u00f3n de la oposici\u00f3n, y otros puntos del d\u00eda.<\/figcaption><\/figure>\n<p>Este\u00a0mi\u00e9rcoles, 25 de septiembre, se celebr\u00f3 la sesi\u00f3n ordinaria del pleno correspondiente al mes en curso, en la que se aprobaron la cuenta general de 2018, con la abstenci\u00f3n de la oposici\u00f3n, y otros puntos del d\u00eda.<\/p>\n<p><b>Cuenta general y contratos reparados<\/b><\/p>\n<p>El Ayuntamiento cerr\u00f3 el ejercicio 2018 con deuda cero, por cuarto a\u00f1o consecutivo, y con un remanente de tesorer\u00eda de 6.681.000 euros, disponibles para financiar gastos. Tal y como explic\u00f3 la concejala de Hacienda, Tal\u00eda Rosell\u00f3, \u201cel resultado del ejercicio ha sido de 3.316.645 euros en positivo y ha habido un exceso de financiaci\u00f3n afectada, tambi\u00e9n en positivo, de 2.317.000 euros, que provienen de subvenciones que a principio del ejercicio no se sab\u00eda que se conceder\u00edan y de la venta de parcelas del parque empresarial que ha sido posible gracias al desbloqueo del PAI\u201d.<\/p>\n<p>Tal y como marca la ley, el equipo de gobierno dio cuenta de los informes desfavorables de Intervenci\u00f3n ante determinados pagos, denominados reparos, junto con la exposici\u00f3n de los resultados de la cuenta general anual. \u201cLa mayor\u00eda de estos reparos son consecuencia de la nueva <i>Ley de Contrataciones del Sector P\u00fablico<\/i>, ya que se requieren cinco informes para realizar una compra, por ejemplo, de 10 c\u00e9ntimos de euro, y muchos de estos corresponden a necesidades permanentes de funcionamiento del propio Ayuntamiento y provienen de las compras al comercio local; sin los famosos reparos este Ayuntamiento no puede comprar en Cheste\u201d, explicaba Rosell\u00f3.<\/p>\n<p>El alcalde, Jos\u00e9 Morell, incidi\u00f3 en los reparos de mayor cuant\u00eda, que en la anterior legislatura sumaban treinta y que en la actualidad se han reducido a quince, de los cuales doce saldr\u00e1n a licitaci\u00f3n pr\u00f3ximamente, quedando tres grandes reparos por regularizar. \u201cHemos ido subsanando los reparos que nos dejaron en la medida de los posible; con alguno era solo una cuesti\u00f3n de forma con f\u00e1cil soluci\u00f3n, otros han sido largos y complicados de arreglar y se ha tenido que contratar a t\u00e9cnicos externos para poder sacarlos a licitaci\u00f3n, pero tenemos que hacer una gesti\u00f3n en paralelo, es decir, vamos solventando estos contratos pero tambi\u00e9n tenemos que hacer nuestra propia gesti\u00f3n\u201d, manifestaba Morell.<\/p>\n<p>A petici\u00f3n del portavoz de Ciudadanos, Enrique Peinado, se acord\u00f3 entre todos los partidos pol\u00edticos revisar conjuntamente y en profundidad el listado de reparos entregado por Intervenci\u00f3n para poder colaboraren su subsanaci\u00f3n.<\/p>\n<p><b>Modificaci\u00f3n de cr\u00e9dito para destinar a medidas de empleabilidad<\/b><\/p>\n<p>El concejal de Empleo, Jos\u00e9 Vicente Guijarro, fue el encargado de justificar esta modificaci\u00f3n de cr\u00e9dito, que se destinar\u00e1 a la contrataci\u00f3n de personal para la brigada durante el \u00faltimo trimestre del a\u00f1o.<\/p>\n<p>\u201cNormalmente por estas fechas llegan ayudas que nos permiten contar con m\u00e1s personal para as\u00ed poder mantener la calidad de los servicios ante la cantidad de actividades que se desarrollan en el municipio, pero este a\u00f1o no han llegado y, como la ley nos impide hacer contrataciones fijas, tenemos que recurrir a contratos temporales\u201d, apuntaba Guijarro.<\/p>\n<p>Este punto se aprob\u00f3 por unanimidad.<\/p>\n<p><b>Reversi\u00f3n de terrenos cedidos al IVADIS<\/b><\/p>\n<p>Tal y como se explic\u00f3 desde el equipo de gobierno, en el a\u00f1o 2002 el Ayuntamiento cedi\u00f3 al IVADIS, actual <i>Conselleria de Igualtat y Pol\u00edtiques inclusives<\/i>, una parcela en Pino Blay para realizar talleres de empleabilidad en el \u00e1rea de jardiner\u00eda. Tras su abandono hace dos a\u00f1os, fruto de la cancelaci\u00f3n del acuerdo con la empresa que lo gestionaba, los terrenos han quedado sin actividad y el Ayuntamiento solicita que la parcela vuelva a ser de uso municipal.<span class=\"Apple-converted-space\">\u00a0<\/span><\/p>\n<p>Este punto fue aprobado por unanimidad.<\/p>\n<p><b>Fiestas locales<\/b><\/p>\n<p>El pleno ratific\u00f3 por unanimidad el acuerdo del consejo escolar municipal para designar los festivos locales de 2019, que ser\u00e1n el 18 y el 20 de marzo. \u201cEl objetivo es evitar la abstenci\u00f3n escolar que se produce cuando San Jos\u00e9 cae entre semana, ya que al d\u00eda siguiente muchos ni\u00f1os y ni\u00f1as no van a clase; as\u00ed que se decidi\u00f3 hacer puente de mi\u00e9rcoles a domingo\u201d, apuntaba el concejal de Fiestas, Ra\u00fal Mota.<\/p>\n<p>Este punto fue aprobado por unanimidad.<\/p>\n<p><b>Emergencia clim\u00e1tica<\/b><\/p>\n<p>Como \u00faltimo punto del orden del d\u00eda, la concejala de Izquierda Unida, M\u00aa \u00c1ngeles Llorente, ley\u00f3 la moci\u00f3n presentada por la Plataforma Aire Limpio Hoya de Bu\u00f1ol &#8211; Chiva sobre la emergencia clim\u00e1tica en la que se solicitaba el compromiso del Ayuntamiento en la reducci\u00f3n de gases de efecto invernadero, el abandono de los combustibles f\u00f3siles y una apuesta por la movilidad sostenible o el impulso de la econom\u00eda local y de proximidad, entre otros. Todos los grupos pol\u00edticos mostraron su apoyo.<\/p>\n<p>Llorente tambi\u00e9n traslad\u00f3 al pleno la informaci\u00f3n sobre la manifestaci\u00f3n por el clima, que tendr\u00e1 lugar el pr\u00f3ximo viernes, 27 de septiembre, en Valencia a las 18 horas en la plaza de la Virgen. \u201cEl Ayuntamiento cofinanciar\u00e1, junto con las organizaciones convocantes, un autob\u00fas para asistir a la manifestaci\u00f3n ante la emergencia clim\u00e1tica que saldr\u00e1 de la avenida Banda La Lira a las 17 horas; las personas interesadas deber\u00e1n apuntarse en el 663 226 723\u201d.<\/p>\n","protected":false},"excerpt":{"rendered":"<div class=\"mh-excerpt\">Este\u00a0mi\u00e9rcoles, 25 de septiembre, se celebr\u00f3 la sesi\u00f3n ordinaria del pleno correspondiente al mes en curso, en la que se aprobaron la cuenta general de 2018, con la abstenci\u00f3n de la oposici\u00f3n, y otros puntos <a class=\"mh-excerpt-more\" href=\"https:\/\/www.tucomarca.com\/wordpress\/segunda\/el-pleno-de-cheste-aprueba-la-cuenta-general-2018\/\" title=\"El pleno de Cheste aprueba la cuenta general 2018\">[+] <\/a><\/div>\n","protected":false},"author":1,"featured_media":92463,"comment_status":"open","ping_status":"open","sticky":false,"template":"","format":"standard","meta":{"footnotes":""},"categories":[8,72,142,3,45],"tags":[339,11111],"class_list":{"0":"post-92462","1":"post","2":"type-post","3":"status-publish","4":"format-standard","5":"has-post-thumbnail","7":"category-la-comarca","8":"category-sin-categorizar","9":"category-politica-la-comarca","10":"category-seccion","11":"category-ventana","12":"tag-cheste-2","13":"tag-xest-2"},"_links":{"self":[{"href":"https:\/\/www.tucomarca.com\/wordpress\/segunda\/wp-json\/wp\/v2\/posts\/92462","targetHints":{"allow":["GET"]}}],"collection":[{"href":"https:\/\/www.tucomarca.com\/wordpress\/segunda\/wp-json\/wp\/v2\/posts"}],"about":[{"href":"https:\/\/www.tucomarca.com\/wordpress\/segunda\/wp-json\/wp\/v2\/types\/post"}],"author":[{"embeddable":true,"href":"https:\/\/www.tucomarca.com\/wordpress\/segunda\/wp-json\/wp\/v2\/users\/1"}],"replies":[{"embeddable":true,"href":"https:\/\/www.tucomarca.com\/wordpress\/segunda\/wp-json\/wp\/v2\/comments?post=92462"}],"version-history":[{"count":0,"href":"https:\/\/www.tucomarca.com\/wordpress\/segunda\/wp-json\/wp\/v2\/posts\/92462\/revisions"}],"wp:featuredmedia":[{"embeddable":true,"href":"https:\/\/www.tucomarca.com\/wordpress\/segunda\/wp-json\/wp\/v2\/media\/92463"}],"wp:attachment":[{"href":"https:\/\/www.tucomarca.com\/wordpress\/segunda\/wp-json\/wp\/v2\/media?parent=92462"}],"wp:term":[{"taxonomy":"category","embeddable":true,"href":"https:\/\/www.tucomarca.com\/wordpress\/segunda\/wp-json\/wp\/v2\/categories?post=92462"},{"taxonomy":"post_tag","embeddable":true,"href":"https:\/\/www.tucomarca.com\/wordpress\/segunda\/wp-json\/wp\/v2\/tags?post=92462"}],"curies":[{"name":"wp","href":"https:\/\/api.w.org\/{rel}","templated":true}]}}