{"id":92488,"date":"2019-09-27T13:49:51","date_gmt":"2019-09-27T11:49:51","guid":{"rendered":"http:\/\/www.tucomarca.com\/wordpress\/segunda\/?p=92488"},"modified":"2019-09-27T13:49:51","modified_gmt":"2019-09-27T11:49:51","slug":"las-imagenes-del-clinic-de-futbol-femenino-organizado-por-la-ffcv-en-el-campo-la-vina-de-cheste","status":"publish","type":"post","link":"https:\/\/www.tucomarca.com\/wordpress\/segunda\/las-imagenes-del-clinic-de-futbol-femenino-organizado-por-la-ffcv-en-el-campo-la-vina-de-cheste\/","title":{"rendered":"Las im\u00e1genes del cl\u00ednic de f\u00fatbol femenino organizado por la FFCV en el Campo \u201cLa Vi\u00f1a\u201d de Cheste"},"content":{"rendered":"<div class=\"\">\n<figure id=\"attachment_92497\" aria-describedby=\"caption-attachment-92497\" style=\"width: 401px\" class=\"wp-caption alignleft\"><img loading=\"lazy\" decoding=\"async\" class=\" wp-image-92497\" src=\"https:\/\/www.tucomarca.com\/wordpress\/segunda\/wp-content\/uploads\/2019\/09\/3ClinicFF_ffcv_.jpeg\" alt=\"\u00c9xito del cl\u00ednic de f\u00fatbol femenino organizado por la FFCV en el Campo \u201cLa Vi\u00f1a\u201d de Cheste.\" width=\"401\" height=\"267\" srcset=\"https:\/\/www.tucomarca.com\/wordpress\/segunda\/wp-content\/uploads\/2019\/09\/3ClinicFF_ffcv_.jpeg 5472w, https:\/\/www.tucomarca.com\/wordpress\/segunda\/wp-content\/uploads\/2019\/09\/3ClinicFF_ffcv_-300x200.jpeg 300w, https:\/\/www.tucomarca.com\/wordpress\/segunda\/wp-content\/uploads\/2019\/09\/3ClinicFF_ffcv_-768x512.jpeg 768w, https:\/\/www.tucomarca.com\/wordpress\/segunda\/wp-content\/uploads\/2019\/09\/3ClinicFF_ffcv_-1024x683.jpeg 1024w\" sizes=\"auto, (max-width: 401px) 100vw, 401px\" \/><figcaption id=\"caption-attachment-92497\" class=\"wp-caption-text\">\u00c9xito del cl\u00ednic de f\u00fatbol femenino organizado por la FFCV en el Campo \u201cLa Vi\u00f1a\u201d de Cheste.<\/figcaption><\/figure>\n<p><span class=\"\"><b class=\"\"><i class=\"\"><\/i><\/b>Ayer, jueves 26 de septiembre, el Campo \u201cLa Vi\u00f1a\u201d acogi\u00f3 un cl\u00ednic de f\u00fatbol femenino que organiz\u00f3 la federaci\u00f3n de f\u00fatbol de la Comunidad Valenciana y que reuni\u00f3 a m\u00e1s de treinta ni\u00f1as de entre 8 y 12 a\u00f1os.<\/span><\/p>\n<\/div>\n<div class=\"\"><span class=\"\">El seleccionador sub-17, Santi Triguero, y la seleccionadora sub-15, Andrea Esteban, dirigieron el que fue para algunas su primer entrenamiento, en el que tambi\u00e9n participaron las jugadoras del Levante UD, Luc\u00eda G\u00f3mez y Esther Gonz\u00e1lez.<\/span><\/div>\n<div class=\"\"><\/div>\n<div class=\"\"><span class=\"\">\u201cDentro de nuestra apuesta decidida por promover el f\u00fatbol femenino nos pareci\u00f3 buena idea pedirle a la federaci\u00f3n que organizase un cl\u00ednic aqu\u00ed; el a\u00f1o pasado por cuestiones de calendario no pudo ser, pero les arrancamos el compromiso de hacerlo al principio de la temporada, y aqu\u00ed estamos pas\u00e1ndolo bien y con la suerte de poder contar con la participaci\u00f3n de las jugadoras del Levante, que son todo un referente para las ni\u00f1as\u201d, explicaba Vicente Garc\u00eda, coordinador de la escuela deportiva de f\u00fatbol de Cheste.<\/span><\/div>\n<div class=\"\"><\/div>\n<div class=\"\"><span class=\"\">Al salir al campo, todas las jugadoras, vestidas con la camiseta con la que fueron obsequiadas, se reunieron para hacerse fotos y recibir las primeras instrucciones. La sesi\u00f3n se desarroll\u00f3 en dos equipos distribuidos por edades y se plante\u00f3 a modo de primera toma de contacto con el bal\u00f3n, con diferentes actividades grupales, con una duraci\u00f3n de unos 45 minutos en total.<\/span><\/div>\n<div class=\"\"><\/div>\n<div class=\"\"><span class=\"\">\u201cDesde la federaci\u00f3n nos estamos volcando en que cada vez haya m\u00e1s equipos femeninos, ayudando a que poblaciones como la de Cheste puedan tener el suyo propio para que vosotras pod\u00e1is practicar el f\u00fatbol y despu\u00e9s veng\u00e1is a jugar a la selecci\u00f3n\u201d, explicaba Triguero a las participantes.<\/span><\/div>\n<div class=\"\"><\/div>\n<div class=\"\"><span class=\"\">Las Escuelas Deportivas de Cheste cuentan con dos equipos, uno de f\u00fatbol 8 y otro de f\u00fatbol 11, adem\u00e1s de un grupo de tecnificaci\u00f3n. \u201cEste a\u00f1o hemos empezado temporada con mucha ilusi\u00f3n, ya que hemos conseguido hacer el equipo de f\u00fatbol 11, con casi una veintena de jugadoras, y estrenamos el nuevo campo peque\u00f1ito que nos han hecho con el nuevo grupo de tecnificaci\u00f3n, con unas 12 ni\u00f1as muy peque\u00f1itas que van a sentar las bases para la futura secci\u00f3n de femenino\u201d, apuntaba Garc\u00eda.<\/span><\/div>\n<div class=\"\"><\/div>\n<div class=\"\"><span class=\"\">La jornada termin\u00f3 con una merienda ofrecida por el Ayuntamiento. \u201cEventos como este sirven para dar un paso m\u00e1s en la consolidaci\u00f3n del f\u00fatbol femenino en Cheste, por eso vamos seguir colaborando con la federaci\u00f3n y con otros equipos\u201d, se\u00f1alaba el concejal de Deportes, Francisco Llorens.<\/span><\/div>\n<div class=\"\">\n<div id='gallery-1' class='gallery galleryid-92488 gallery-columns-3 gallery-size-full'><figure class='gallery-item'>\n\t\t\t<div class='gallery-icon landscape'>\n\t\t\t\t<a href='https:\/\/www.tucomarca.com\/wordpress\/segunda\/las-imagenes-del-clinic-de-futbol-femenino-organizado-por-la-ffcv-en-el-campo-la-vina-de-cheste\/1clinicff_ffcv_\/'><img loading=\"lazy\" decoding=\"async\" width=\"5472\" height=\"3648\" src=\"https:\/\/www.tucomarca.com\/wordpress\/segunda\/wp-content\/uploads\/2019\/09\/1ClinicFF_ffcv_.jpeg\" class=\"attachment-full size-full\" alt=\"\" srcset=\"https:\/\/www.tucomarca.com\/wordpress\/segunda\/wp-content\/uploads\/2019\/09\/1ClinicFF_ffcv_.jpeg 5472w, https:\/\/www.tucomarca.com\/wordpress\/segunda\/wp-content\/uploads\/2019\/09\/1ClinicFF_ffcv_-300x200.jpeg 300w, https:\/\/www.tucomarca.com\/wordpress\/segunda\/wp-content\/uploads\/2019\/09\/1ClinicFF_ffcv_-768x512.jpeg 768w, https:\/\/www.tucomarca.com\/wordpress\/segunda\/wp-content\/uploads\/2019\/09\/1ClinicFF_ffcv_-1024x683.jpeg 1024w\" sizes=\"auto, (max-width: 5472px) 100vw, 5472px\" \/><\/a>\n\t\t\t<\/div><\/figure><figure class='gallery-item'>\n\t\t\t<div class='gallery-icon landscape'>\n\t\t\t\t<a href='https:\/\/www.tucomarca.com\/wordpress\/segunda\/las-imagenes-del-clinic-de-futbol-femenino-organizado-por-la-ffcv-en-el-campo-la-vina-de-cheste\/2clinicff_ffcv_-2\/'><img loading=\"lazy\" decoding=\"async\" width=\"5472\" height=\"3648\" src=\"https:\/\/www.tucomarca.com\/wordpress\/segunda\/wp-content\/uploads\/2019\/09\/2ClinicFF_ffcv_-1.jpeg\" class=\"attachment-full size-full\" alt=\"\" srcset=\"https:\/\/www.tucomarca.com\/wordpress\/segunda\/wp-content\/uploads\/2019\/09\/2ClinicFF_ffcv_-1.jpeg 5472w, https:\/\/www.tucomarca.com\/wordpress\/segunda\/wp-content\/uploads\/2019\/09\/2ClinicFF_ffcv_-1-300x200.jpeg 300w, https:\/\/www.tucomarca.com\/wordpress\/segunda\/wp-content\/uploads\/2019\/09\/2ClinicFF_ffcv_-1-768x512.jpeg 768w, https:\/\/www.tucomarca.com\/wordpress\/segunda\/wp-content\/uploads\/2019\/09\/2ClinicFF_ffcv_-1-1024x683.jpeg 1024w\" sizes=\"auto, (max-width: 5472px) 100vw, 5472px\" \/><\/a>\n\t\t\t<\/div><\/figure><figure class='gallery-item'>\n\t\t\t<div class='gallery-icon landscape'>\n\t\t\t\t<a href='https:\/\/www.tucomarca.com\/wordpress\/segunda\/las-imagenes-del-clinic-de-futbol-femenino-organizado-por-la-ffcv-en-el-campo-la-vina-de-cheste\/3clinicff_ffcv_-2\/'><img loading=\"lazy\" decoding=\"async\" width=\"5472\" height=\"3648\" src=\"https:\/\/www.tucomarca.com\/wordpress\/segunda\/wp-content\/uploads\/2019\/09\/3ClinicFF_ffcv_-1.jpeg\" class=\"attachment-full size-full\" alt=\"\" srcset=\"https:\/\/www.tucomarca.com\/wordpress\/segunda\/wp-content\/uploads\/2019\/09\/3ClinicFF_ffcv_-1.jpeg 5472w, https:\/\/www.tucomarca.com\/wordpress\/segunda\/wp-content\/uploads\/2019\/09\/3ClinicFF_ffcv_-1-300x200.jpeg 300w, https:\/\/www.tucomarca.com\/wordpress\/segunda\/wp-content\/uploads\/2019\/09\/3ClinicFF_ffcv_-1-768x512.jpeg 768w, https:\/\/www.tucomarca.com\/wordpress\/segunda\/wp-content\/uploads\/2019\/09\/3ClinicFF_ffcv_-1-1024x683.jpeg 1024w\" sizes=\"auto, (max-width: 5472px) 100vw, 5472px\" \/><\/a>\n\t\t\t<\/div><\/figure><figure class='gallery-item'>\n\t\t\t<div class='gallery-icon landscape'>\n\t\t\t\t<a href='https:\/\/www.tucomarca.com\/wordpress\/segunda\/las-imagenes-del-clinic-de-futbol-femenino-organizado-por-la-ffcv-en-el-campo-la-vina-de-cheste\/5clinicff_ffcv_\/'><img loading=\"lazy\" decoding=\"async\" width=\"5472\" height=\"3648\" src=\"https:\/\/www.tucomarca.com\/wordpress\/segunda\/wp-content\/uploads\/2019\/09\/5ClinicFF_ffcv_.jpeg\" class=\"attachment-full size-full\" alt=\"\" srcset=\"https:\/\/www.tucomarca.com\/wordpress\/segunda\/wp-content\/uploads\/2019\/09\/5ClinicFF_ffcv_.jpeg 5472w, https:\/\/www.tucomarca.com\/wordpress\/segunda\/wp-content\/uploads\/2019\/09\/5ClinicFF_ffcv_-300x200.jpeg 300w, https:\/\/www.tucomarca.com\/wordpress\/segunda\/wp-content\/uploads\/2019\/09\/5ClinicFF_ffcv_-768x512.jpeg 768w, https:\/\/www.tucomarca.com\/wordpress\/segunda\/wp-content\/uploads\/2019\/09\/5ClinicFF_ffcv_-1024x683.jpeg 1024w\" sizes=\"auto, (max-width: 5472px) 100vw, 5472px\" \/><\/a>\n\t\t\t<\/div><\/figure><figure class='gallery-item'>\n\t\t\t<div class='gallery-icon landscape'>\n\t\t\t\t<a href='https:\/\/www.tucomarca.com\/wordpress\/segunda\/las-imagenes-del-clinic-de-futbol-femenino-organizado-por-la-ffcv-en-el-campo-la-vina-de-cheste\/7clinicff_ffcv_\/'><img loading=\"lazy\" decoding=\"async\" width=\"5472\" height=\"3648\" src=\"https:\/\/www.tucomarca.com\/wordpress\/segunda\/wp-content\/uploads\/2019\/09\/7ClinicFF_ffcv_.jpeg\" class=\"attachment-full size-full\" alt=\"\" srcset=\"https:\/\/www.tucomarca.com\/wordpress\/segunda\/wp-content\/uploads\/2019\/09\/7ClinicFF_ffcv_.jpeg 5472w, https:\/\/www.tucomarca.com\/wordpress\/segunda\/wp-content\/uploads\/2019\/09\/7ClinicFF_ffcv_-300x200.jpeg 300w, https:\/\/www.tucomarca.com\/wordpress\/segunda\/wp-content\/uploads\/2019\/09\/7ClinicFF_ffcv_-768x512.jpeg 768w, https:\/\/www.tucomarca.com\/wordpress\/segunda\/wp-content\/uploads\/2019\/09\/7ClinicFF_ffcv_-1024x683.jpeg 1024w\" sizes=\"auto, (max-width: 5472px) 100vw, 5472px\" \/><\/a>\n\t\t\t<\/div><\/figure><figure class='gallery-item'>\n\t\t\t<div class='gallery-icon landscape'>\n\t\t\t\t<a href='https:\/\/www.tucomarca.com\/wordpress\/segunda\/las-imagenes-del-clinic-de-futbol-femenino-organizado-por-la-ffcv-en-el-campo-la-vina-de-cheste\/8clinicff_ffcv_\/'><img loading=\"lazy\" decoding=\"async\" width=\"5472\" height=\"3648\" src=\"https:\/\/www.tucomarca.com\/wordpress\/segunda\/wp-content\/uploads\/2019\/09\/8ClinicFF_ffcv_.jpeg\" class=\"attachment-full size-full\" alt=\"\" srcset=\"https:\/\/www.tucomarca.com\/wordpress\/segunda\/wp-content\/uploads\/2019\/09\/8ClinicFF_ffcv_.jpeg 5472w, https:\/\/www.tucomarca.com\/wordpress\/segunda\/wp-content\/uploads\/2019\/09\/8ClinicFF_ffcv_-300x200.jpeg 300w, https:\/\/www.tucomarca.com\/wordpress\/segunda\/wp-content\/uploads\/2019\/09\/8ClinicFF_ffcv_-768x512.jpeg 768w, https:\/\/www.tucomarca.com\/wordpress\/segunda\/wp-content\/uploads\/2019\/09\/8ClinicFF_ffcv_-1024x683.jpeg 1024w\" sizes=\"auto, (max-width: 5472px) 100vw, 5472px\" \/><\/a>\n\t\t\t<\/div><\/figure><figure class='gallery-item'>\n\t\t\t<div class='gallery-icon landscape'>\n\t\t\t\t<a href='https:\/\/www.tucomarca.com\/wordpress\/segunda\/las-imagenes-del-clinic-de-futbol-femenino-organizado-por-la-ffcv-en-el-campo-la-vina-de-cheste\/10clinicff_ffcv_\/'><img loading=\"lazy\" decoding=\"async\" width=\"5472\" height=\"3648\" src=\"https:\/\/www.tucomarca.com\/wordpress\/segunda\/wp-content\/uploads\/2019\/09\/10ClinicFF_ffcv_.jpeg\" class=\"attachment-full size-full\" alt=\"\" srcset=\"https:\/\/www.tucomarca.com\/wordpress\/segunda\/wp-content\/uploads\/2019\/09\/10ClinicFF_ffcv_.jpeg 5472w, https:\/\/www.tucomarca.com\/wordpress\/segunda\/wp-content\/uploads\/2019\/09\/10ClinicFF_ffcv_-300x200.jpeg 300w, https:\/\/www.tucomarca.com\/wordpress\/segunda\/wp-content\/uploads\/2019\/09\/10ClinicFF_ffcv_-768x512.jpeg 768w, https:\/\/www.tucomarca.com\/wordpress\/segunda\/wp-content\/uploads\/2019\/09\/10ClinicFF_ffcv_-1024x683.jpeg 1024w\" sizes=\"auto, (max-width: 5472px) 100vw, 5472px\" \/><\/a>\n\t\t\t<\/div><\/figure><figure class='gallery-item'>\n\t\t\t<div class='gallery-icon landscape'>\n\t\t\t\t<a href='https:\/\/www.tucomarca.com\/wordpress\/segunda\/las-imagenes-del-clinic-de-futbol-femenino-organizado-por-la-ffcv-en-el-campo-la-vina-de-cheste\/11clinicff_ffcv_\/'><img loading=\"lazy\" decoding=\"async\" width=\"5472\" height=\"3648\" src=\"https:\/\/www.tucomarca.com\/wordpress\/segunda\/wp-content\/uploads\/2019\/09\/11ClinicFF_ffcv_.jpeg\" class=\"attachment-full size-full\" alt=\"\" srcset=\"https:\/\/www.tucomarca.com\/wordpress\/segunda\/wp-content\/uploads\/2019\/09\/11ClinicFF_ffcv_.jpeg 5472w, https:\/\/www.tucomarca.com\/wordpress\/segunda\/wp-content\/uploads\/2019\/09\/11ClinicFF_ffcv_-300x200.jpeg 300w, https:\/\/www.tucomarca.com\/wordpress\/segunda\/wp-content\/uploads\/2019\/09\/11ClinicFF_ffcv_-768x512.jpeg 768w, https:\/\/www.tucomarca.com\/wordpress\/segunda\/wp-content\/uploads\/2019\/09\/11ClinicFF_ffcv_-1024x683.jpeg 1024w\" sizes=\"auto, (max-width: 5472px) 100vw, 5472px\" \/><\/a>\n\t\t\t<\/div><\/figure><figure class='gallery-item'>\n\t\t\t<div class='gallery-icon landscape'>\n\t\t\t\t<a href='https:\/\/www.tucomarca.com\/wordpress\/segunda\/las-imagenes-del-clinic-de-futbol-femenino-organizado-por-la-ffcv-en-el-campo-la-vina-de-cheste\/12clinicff_ffcv_\/'><img loading=\"lazy\" decoding=\"async\" width=\"5472\" height=\"3648\" src=\"https:\/\/www.tucomarca.com\/wordpress\/segunda\/wp-content\/uploads\/2019\/09\/12ClinicFF_ffcv_.jpeg\" class=\"attachment-full size-full\" alt=\"\" srcset=\"https:\/\/www.tucomarca.com\/wordpress\/segunda\/wp-content\/uploads\/2019\/09\/12ClinicFF_ffcv_.jpeg 5472w, https:\/\/www.tucomarca.com\/wordpress\/segunda\/wp-content\/uploads\/2019\/09\/12ClinicFF_ffcv_-300x200.jpeg 300w, https:\/\/www.tucomarca.com\/wordpress\/segunda\/wp-content\/uploads\/2019\/09\/12ClinicFF_ffcv_-768x512.jpeg 768w, https:\/\/www.tucomarca.com\/wordpress\/segunda\/wp-content\/uploads\/2019\/09\/12ClinicFF_ffcv_-1024x683.jpeg 1024w\" sizes=\"auto, (max-width: 5472px) 100vw, 5472px\" \/><\/a>\n\t\t\t<\/div><\/figure>\n\t\t<\/div>\n\n<\/div>\n","protected":false},"excerpt":{"rendered":"<div class=\"mh-excerpt\">Ayer, jueves 26 de septiembre, el Campo \u201cLa Vi\u00f1a\u201d acogi\u00f3 un cl\u00ednic de f\u00fatbol femenino que organiz\u00f3 la federaci\u00f3n de f\u00fatbol de la Comunidad Valenciana y que reuni\u00f3 a m\u00e1s de treinta ni\u00f1as de entre <a class=\"mh-excerpt-more\" href=\"https:\/\/www.tucomarca.com\/wordpress\/segunda\/las-imagenes-del-clinic-de-futbol-femenino-organizado-por-la-ffcv-en-el-campo-la-vina-de-cheste\/\" title=\"Las im\u00e1genes del cl\u00ednic de f\u00fatbol femenino organizado por la FFCV en el Campo \u201cLa Vi\u00f1a\u201d de Cheste\">[+] <\/a><\/div>\n","protected":false},"author":2,"featured_media":92497,"comment_status":"open","ping_status":"open","sticky":false,"template":"","format":"standard","meta":{"footnotes":""},"categories":[50,17,6,10,3],"tags":[339],"class_list":{"0":"post-92488","1":"post","2":"type-post","3":"status-publish","4":"format-standard","5":"has-post-thumbnail","7":"category-futbol-deportes","8":"category-cheste","9":"category-deportes","10":"category-la-hoya","11":"category-seccion","12":"tag-cheste-2"},"_links":{"self":[{"href":"https:\/\/www.tucomarca.com\/wordpress\/segunda\/wp-json\/wp\/v2\/posts\/92488","targetHints":{"allow":["GET"]}}],"collection":[{"href":"https:\/\/www.tucomarca.com\/wordpress\/segunda\/wp-json\/wp\/v2\/posts"}],"about":[{"href":"https:\/\/www.tucomarca.com\/wordpress\/segunda\/wp-json\/wp\/v2\/types\/post"}],"author":[{"embeddable":true,"href":"https:\/\/www.tucomarca.com\/wordpress\/segunda\/wp-json\/wp\/v2\/users\/2"}],"replies":[{"embeddable":true,"href":"https:\/\/www.tucomarca.com\/wordpress\/segunda\/wp-json\/wp\/v2\/comments?post=92488"}],"version-history":[{"count":0,"href":"https:\/\/www.tucomarca.com\/wordpress\/segunda\/wp-json\/wp\/v2\/posts\/92488\/revisions"}],"wp:featuredmedia":[{"embeddable":true,"href":"https:\/\/www.tucomarca.com\/wordpress\/segunda\/wp-json\/wp\/v2\/media\/92497"}],"wp:attachment":[{"href":"https:\/\/www.tucomarca.com\/wordpress\/segunda\/wp-json\/wp\/v2\/media?parent=92488"}],"wp:term":[{"taxonomy":"category","embeddable":true,"href":"https:\/\/www.tucomarca.com\/wordpress\/segunda\/wp-json\/wp\/v2\/categories?post=92488"},{"taxonomy":"post_tag","embeddable":true,"href":"https:\/\/www.tucomarca.com\/wordpress\/segunda\/wp-json\/wp\/v2\/tags?post=92488"}],"curies":[{"name":"wp","href":"https:\/\/api.w.org\/{rel}","templated":true}]}}