{"id":92567,"date":"2019-10-06T22:23:01","date_gmt":"2019-10-06T20:23:01","guid":{"rendered":"http:\/\/www.tucomarca.com\/wordpress\/segunda\/?p=92567"},"modified":"2019-10-06T22:23:11","modified_gmt":"2019-10-06T20:23:11","slug":"fotogaleria-concierto-de-intercambio-entre-las-bandas-juveniles-de-la-artistica-de-bunol-y-del-centro-instructivo-musical-de-mislata","status":"publish","type":"post","link":"https:\/\/www.tucomarca.com\/wordpress\/segunda\/fotogaleria-concierto-de-intercambio-entre-las-bandas-juveniles-de-la-artistica-de-bunol-y-del-centro-instructivo-musical-de-mislata\/","title":{"rendered":"Fotogaler\u00eda: Concierto de Intercambio entre las Bandas Juveniles de La Art\u00edstica de Bu\u00f1ol y del Centro Instructivo Musical de Mislata"},"content":{"rendered":"<p><strong>Tras el primero de los conciertos de este Intercambio musical, en el que la Banda Juvenil de La Art\u00edstica visit\u00f3 al Centro Instructuvio Musical de Mislata, este pr\u00f3ximo domingo los Feos har\u00e1n de anfitriones en el concierto de vuelta que se celebrar\u00e1 el pr\u00f3ximo domingo 6 de octubre en el Teatro Montecarlo<\/strong><\/p>\n<p>El concierto del pasado s\u00e1bado, enmarcado en el I Festival de Bandas Juveniles de Mislata, organizado por la Clavar\u00eda de San Miguel, se celebr\u00f3 tras una tarde de actividades l\u00fadicas y una cena de hermandad entre ambas agrupaciones. A las 22.30h comenz\u00f3 el concierto, con la Banda Juvenil de los Feos actuando en primer lugar y dirigida por David Tar\u00edn D\u00edaz, quien prepar\u00f3 junto a sus m\u00fasicos un programa repleto de bandas sonoras de pel\u00edculas emblem\u00e1ticas como La Roca, El puente sobre el r\u00edo Kwai o El patriota, con proyecci\u00f3n de im\u00e1genes incluida, que hizo las delicias de los asistentes. Antes de arrancar la segunda parte del concierto, la Clavar\u00eda de San Miguel junto con el Ayuntamiento de Mislata, obsequiaron a La Art\u00edstica con un par de emotivos detalles e impusieron un corbat\u00edn a nuestra bandera, como recuerdo de la velada.<\/p>\n<p>Ya en la segunda parte, a cargo de la Banda Juvenil del CIM Mislata bajo la batuta de Francisco Zacar\u00e9s, los asistentes disfrutaron de m\u00fasica de pel\u00edculas como Aladdin, El Rey Le\u00f3n o Lawrence de Arabia, arrancando la ovaci\u00f3n del p\u00fablico ante el trabajo de los j\u00f3venes m\u00fasicos.<\/p>\n<p>Este pr\u00f3ximo domingo d\u00eda 6, ser\u00e1 el CIM Mislata quien visite Bu\u00f1ol, en el segundo concierto de este intercambio. La cita ser\u00e1 en el Teatro Montecarlo a las 12 horas, tras el cual ambas agrupaciones compartir\u00e1n una comida de hermandad en el local social de Los Feos.<\/p>\n<div id='gallery-1' class='gallery galleryid-92567 gallery-columns-3 gallery-size-full'><figure class='gallery-item'>\n\t\t\t<div class='gallery-icon landscape'>\n\t\t\t\t<a href='https:\/\/www.tucomarca.com\/wordpress\/segunda\/fotogaleria-concierto-de-intercambio-entre-las-bandas-juveniles-de-la-artistica-de-bunol-y-del-centro-instructivo-musical-de-mislata\/bandajuvenillaartistica2\/'><img loading=\"lazy\" decoding=\"async\" width=\"960\" height=\"720\" src=\"https:\/\/www.tucomarca.com\/wordpress\/segunda\/wp-content\/uploads\/2019\/10\/BandaJuvenilLaArtistica2.jpg\" class=\"attachment-full size-full\" alt=\"\" srcset=\"https:\/\/www.tucomarca.com\/wordpress\/segunda\/wp-content\/uploads\/2019\/10\/BandaJuvenilLaArtistica2.jpg 960w, https:\/\/www.tucomarca.com\/wordpress\/segunda\/wp-content\/uploads\/2019\/10\/BandaJuvenilLaArtistica2-300x225.jpg 300w, https:\/\/www.tucomarca.com\/wordpress\/segunda\/wp-content\/uploads\/2019\/10\/BandaJuvenilLaArtistica2-768x576.jpg 768w\" sizes=\"auto, (max-width: 960px) 100vw, 960px\" \/><\/a>\n\t\t\t<\/div><\/figure><figure class='gallery-item'>\n\t\t\t<div class='gallery-icon landscape'>\n\t\t\t\t<a href='https:\/\/www.tucomarca.com\/wordpress\/segunda\/fotogaleria-concierto-de-intercambio-entre-las-bandas-juveniles-de-la-artistica-de-bunol-y-del-centro-instructivo-musical-de-mislata\/bandajuvenillaartistica3\/'><img loading=\"lazy\" decoding=\"async\" width=\"960\" height=\"454\" src=\"https:\/\/www.tucomarca.com\/wordpress\/segunda\/wp-content\/uploads\/2019\/10\/BandaJuvenilLaArtistica3.jpg\" class=\"attachment-full size-full\" alt=\"\" srcset=\"https:\/\/www.tucomarca.com\/wordpress\/segunda\/wp-content\/uploads\/2019\/10\/BandaJuvenilLaArtistica3.jpg 960w, https:\/\/www.tucomarca.com\/wordpress\/segunda\/wp-content\/uploads\/2019\/10\/BandaJuvenilLaArtistica3-300x142.jpg 300w, https:\/\/www.tucomarca.com\/wordpress\/segunda\/wp-content\/uploads\/2019\/10\/BandaJuvenilLaArtistica3-768x363.jpg 768w\" sizes=\"auto, (max-width: 960px) 100vw, 960px\" \/><\/a>\n\t\t\t<\/div><\/figure><figure class='gallery-item'>\n\t\t\t<div class='gallery-icon landscape'>\n\t\t\t\t<a href='https:\/\/www.tucomarca.com\/wordpress\/segunda\/fotogaleria-concierto-de-intercambio-entre-las-bandas-juveniles-de-la-artistica-de-bunol-y-del-centro-instructivo-musical-de-mislata\/bandajuvenillaartistica4\/'><img loading=\"lazy\" decoding=\"async\" width=\"960\" height=\"720\" src=\"https:\/\/www.tucomarca.com\/wordpress\/segunda\/wp-content\/uploads\/2019\/10\/BandaJuvenilLaArtistica4.jpg\" class=\"attachment-full size-full\" alt=\"\" srcset=\"https:\/\/www.tucomarca.com\/wordpress\/segunda\/wp-content\/uploads\/2019\/10\/BandaJuvenilLaArtistica4.jpg 960w, https:\/\/www.tucomarca.com\/wordpress\/segunda\/wp-content\/uploads\/2019\/10\/BandaJuvenilLaArtistica4-300x225.jpg 300w, https:\/\/www.tucomarca.com\/wordpress\/segunda\/wp-content\/uploads\/2019\/10\/BandaJuvenilLaArtistica4-768x576.jpg 768w\" sizes=\"auto, (max-width: 960px) 100vw, 960px\" \/><\/a>\n\t\t\t<\/div><\/figure>\n\t\t<\/div>\n\n","protected":false},"excerpt":{"rendered":"<div class=\"mh-excerpt\">Tras el primero de los conciertos de este Intercambio musical, en el que la Banda Juvenil de La Art\u00edstica visit\u00f3 al Centro Instructuvio Musical de Mislata, este pr\u00f3ximo domingo los Feos har\u00e1n de anfitriones en <a class=\"mh-excerpt-more\" href=\"https:\/\/www.tucomarca.com\/wordpress\/segunda\/fotogaleria-concierto-de-intercambio-entre-las-bandas-juveniles-de-la-artistica-de-bunol-y-del-centro-instructivo-musical-de-mislata\/\" title=\"Fotogaler\u00eda: Concierto de Intercambio entre las Bandas Juveniles de La Art\u00edstica de Bu\u00f1ol y del Centro Instructivo Musical de Mislata\">[+] <\/a><\/div>\n","protected":false},"author":2,"featured_media":92569,"comment_status":"open","ping_status":"open","sticky":false,"template":"","format":"standard","meta":{"footnotes":""},"categories":[18,66,10,7,3],"tags":[10385,10559],"class_list":{"0":"post-92567","1":"post","2":"type-post","3":"status-publish","4":"format-standard","5":"has-post-thumbnail","7":"category-bunol","8":"category-musica","9":"category-la-hoya","10":"category-ocio-y-cultura","11":"category-seccion","12":"tag-bunol","13":"tag-sm-la-artistica-de-bunol"},"_links":{"self":[{"href":"https:\/\/www.tucomarca.com\/wordpress\/segunda\/wp-json\/wp\/v2\/posts\/92567","targetHints":{"allow":["GET"]}}],"collection":[{"href":"https:\/\/www.tucomarca.com\/wordpress\/segunda\/wp-json\/wp\/v2\/posts"}],"about":[{"href":"https:\/\/www.tucomarca.com\/wordpress\/segunda\/wp-json\/wp\/v2\/types\/post"}],"author":[{"embeddable":true,"href":"https:\/\/www.tucomarca.com\/wordpress\/segunda\/wp-json\/wp\/v2\/users\/2"}],"replies":[{"embeddable":true,"href":"https:\/\/www.tucomarca.com\/wordpress\/segunda\/wp-json\/wp\/v2\/comments?post=92567"}],"version-history":[{"count":0,"href":"https:\/\/www.tucomarca.com\/wordpress\/segunda\/wp-json\/wp\/v2\/posts\/92567\/revisions"}],"wp:featuredmedia":[{"embeddable":true,"href":"https:\/\/www.tucomarca.com\/wordpress\/segunda\/wp-json\/wp\/v2\/media\/92569"}],"wp:attachment":[{"href":"https:\/\/www.tucomarca.com\/wordpress\/segunda\/wp-json\/wp\/v2\/media?parent=92567"}],"wp:term":[{"taxonomy":"category","embeddable":true,"href":"https:\/\/www.tucomarca.com\/wordpress\/segunda\/wp-json\/wp\/v2\/categories?post=92567"},{"taxonomy":"post_tag","embeddable":true,"href":"https:\/\/www.tucomarca.com\/wordpress\/segunda\/wp-json\/wp\/v2\/tags?post=92567"}],"curies":[{"name":"wp","href":"https:\/\/api.w.org\/{rel}","templated":true}]}}