{"id":92653,"date":"2019-10-04T15:43:20","date_gmt":"2019-10-04T13:43:20","guid":{"rendered":"http:\/\/www.tucomarca.com\/wordpress\/segunda\/?p=92653"},"modified":"2019-10-04T15:43:30","modified_gmt":"2019-10-04T13:43:30","slug":"el-museo-de-la-tomatina-de-bunol-acoge-este-sabado-la-charla-trata-y-prostitucion-una-trampa-consentida","status":"publish","type":"post","link":"https:\/\/www.tucomarca.com\/wordpress\/segunda\/el-museo-de-la-tomatina-de-bunol-acoge-este-sabado-la-charla-trata-y-prostitucion-una-trampa-consentida\/","title":{"rendered":"El Museo de La Tomatina de Bu\u00f1ol acoge este s\u00e1bado la charla \u00abTrata y Prostituci\u00f3n. Una trampa consentida"},"content":{"rendered":"\n<figure class=\"wp-block-image\"><img loading=\"lazy\" decoding=\"async\" width=\"724\" height=\"1024\" src=\"https:\/\/www.tucomarca.com\/wordpress\/segunda\/wp-content\/uploads\/2019\/10\/Explotacionsexual-724x1024.jpg\" alt=\"Charla sobre la explotaci\u00f3n sexual.\" class=\"wp-image-92654\" srcset=\"https:\/\/www.tucomarca.com\/wordpress\/segunda\/wp-content\/uploads\/2019\/10\/Explotacionsexual-724x1024.jpg 724w, https:\/\/www.tucomarca.com\/wordpress\/segunda\/wp-content\/uploads\/2019\/10\/Explotacionsexual-212x300.jpg 212w, https:\/\/www.tucomarca.com\/wordpress\/segunda\/wp-content\/uploads\/2019\/10\/Explotacionsexual-768x1086.jpg 768w, https:\/\/www.tucomarca.com\/wordpress\/segunda\/wp-content\/uploads\/2019\/10\/Explotacionsexual-1024x1449.jpg 1024w, https:\/\/www.tucomarca.com\/wordpress\/segunda\/wp-content\/uploads\/2019\/10\/Explotacionsexual.jpg 1131w\" sizes=\"auto, (max-width: 724px) 100vw, 724px\" \/><figcaption>Charla sobre la explotaci\u00f3n sexual.<\/figcaption><\/figure>\n\n\n\n<p>Este s\u00e1bado, 5 de octubre, a las 10 horas, en el Museo de La Tomatina de Bu\u00f1ol y organizado por la concejal\u00eda de Igualdad del Ayuntamiento de Bu\u00f1ol y el Centro Mujer Rural de Y\u00e1tova, con la colaboraci\u00f3n de Front Abolicionista y ASAFA, se realizar\u00e1 la charla <strong>\u00abTrata y Prostituci\u00f3n. Una trampa consentida\u00bb<\/strong> en la que intervendr\u00e1n. M\u00aa Carmen Vidal, coordinadora CMR Y\u00e1tova, Maite Gabald\u00f3n de Front Abolicionista y Maura Von F\u00fcrth de ASFA.<\/p>\n","protected":false},"excerpt":{"rendered":"<div class=\"mh-excerpt\">Este s\u00e1bado, 5 de octubre, a las 10 horas, en el Museo de La Tomatina de Bu\u00f1ol y organizado por la concejal\u00eda de Igualdad del Ayuntamiento de Bu\u00f1ol y el Centro Mujer Rural de Y\u00e1tova, <a class=\"mh-excerpt-more\" href=\"https:\/\/www.tucomarca.com\/wordpress\/segunda\/el-museo-de-la-tomatina-de-bunol-acoge-este-sabado-la-charla-trata-y-prostitucion-una-trampa-consentida\/\" title=\"El Museo de La Tomatina de Bu\u00f1ol acoge este s\u00e1bado la charla \u00abTrata y Prostituci\u00f3n. Una trampa consentida\">[+] <\/a><\/div>\n","protected":false},"author":2,"featured_media":92654,"comment_status":"open","ping_status":"open","sticky":false,"template":"","format":"standard","meta":{"footnotes":""},"categories":[4,18,10,3],"tags":[],"class_list":{"0":"post-92653","1":"post","2":"type-post","3":"status-publish","4":"format-standard","5":"has-post-thumbnail","7":"category-agenda","8":"category-bunol","9":"category-la-hoya","10":"category-seccion"},"_links":{"self":[{"href":"https:\/\/www.tucomarca.com\/wordpress\/segunda\/wp-json\/wp\/v2\/posts\/92653","targetHints":{"allow":["GET"]}}],"collection":[{"href":"https:\/\/www.tucomarca.com\/wordpress\/segunda\/wp-json\/wp\/v2\/posts"}],"about":[{"href":"https:\/\/www.tucomarca.com\/wordpress\/segunda\/wp-json\/wp\/v2\/types\/post"}],"author":[{"embeddable":true,"href":"https:\/\/www.tucomarca.com\/wordpress\/segunda\/wp-json\/wp\/v2\/users\/2"}],"replies":[{"embeddable":true,"href":"https:\/\/www.tucomarca.com\/wordpress\/segunda\/wp-json\/wp\/v2\/comments?post=92653"}],"version-history":[{"count":0,"href":"https:\/\/www.tucomarca.com\/wordpress\/segunda\/wp-json\/wp\/v2\/posts\/92653\/revisions"}],"wp:featuredmedia":[{"embeddable":true,"href":"https:\/\/www.tucomarca.com\/wordpress\/segunda\/wp-json\/wp\/v2\/media\/92654"}],"wp:attachment":[{"href":"https:\/\/www.tucomarca.com\/wordpress\/segunda\/wp-json\/wp\/v2\/media?parent=92653"}],"wp:term":[{"taxonomy":"category","embeddable":true,"href":"https:\/\/www.tucomarca.com\/wordpress\/segunda\/wp-json\/wp\/v2\/categories?post=92653"},{"taxonomy":"post_tag","embeddable":true,"href":"https:\/\/www.tucomarca.com\/wordpress\/segunda\/wp-json\/wp\/v2\/tags?post=92653"}],"curies":[{"name":"wp","href":"https:\/\/api.w.org\/{rel}","templated":true}]}}