{"id":92825,"date":"2019-10-06T22:27:13","date_gmt":"2019-10-06T20:27:13","guid":{"rendered":"http:\/\/www.tucomarca.com\/wordpress\/segunda\/?p=92825"},"modified":"2019-10-06T22:27:30","modified_gmt":"2019-10-06T20:27:30","slug":"riba-roja-de-turia-aumenta-un-25-la-renta-economica-media-anual-por-hogar-en-la-comarca-en-los-ultimos-anos","status":"publish","type":"post","link":"https:\/\/www.tucomarca.com\/wordpress\/segunda\/riba-roja-de-turia-aumenta-un-25-la-renta-economica-media-anual-por-hogar-en-la-comarca-en-los-ultimos-anos\/","title":{"rendered":"Riba-roja de T\u00faria aumenta un 2\u20195% la renta econ\u00f3mica media anual por hogar en la comarca en los \u00faltimos a\u00f1os"},"content":{"rendered":"\n<p>La localidad de Riba-roja de T\u00faria ha aumentado en un 2\u20195% la renta econ\u00f3mica media por hogar en los \u00faltimos a\u00f1os y se sit\u00faa en cuarto lugar en el global de la comarca al pasar de los 29.402 euros del a\u00f1o 2015 a los 30.148 euros del ejercicio de 2016, seg\u00fan los datos publicados por el Instituto Nacional de Estad\u00edstica (INE) en el Atlas de Distribuci\u00f3n de Renta de los Hogares (ADRH).&nbsp;<\/p>\n\n\n\n<p>\tRiba-roja se sit\u00faa, de esta forma, en el cuarto lugar en el global de la comarca del Camp de T\u00faria en renta media por hogar durante este periodo de tiempo y el quinto en la renta media por persona, en la que de 10.593 euros del a\u00f1o 2015 se ha pasado a 10.677 euros del ejercicio del a\u00f1o 2016. En ambos casos el ranking de la comarca no sufre ning\u00fan tipo de variaci\u00f3n.&nbsp;<\/p>\n\n\n\n<p>\tAs\u00ed, en el listado de la renta media por hogar Riba-roja se sit\u00faa en el cuarto puesto por detr\u00e1s de San Antonio de Benag\u00e9ber (41.125 euros), l\u2019Eliana (40.704 euros) i B\u00e9tera (36.084 euros). En cuanto al listado la renta media por persona Riba-roja ocupa el quinto lugar por detr\u00e1s de San Antonio de Benag\u00e9ber (13.780 euros), l\u2019Eliana (13.774 euros), B\u00e9tera (13.043 euros), la Pobla de Vallbona (10.688) mientras que Riba-roja se sit\u00faa a escasos once euros de diferencia con 10.677 euros anuales.&nbsp;<\/p>\n\n\n\n<p>\tEn el caso de los municipios de m\u00e1s de 20.000 habitantes de la comarca \u2013una condici\u00f3n que comparte con la Pobla de Vallbona, B\u00e9tera y Ll\u00edria-, Riba-roja ocupa el segundo puesto en el apartado de renta media por hogar por detr\u00e1s de localidades como Betera mientras que en listado de las rentas medias por persona se sit\u00faa en el tercer puesto tras Betera y la Pobla de Vallbona.&nbsp;<\/p>\n\n\n\n<p>\tEl Atlas de Distribuci\u00f3n de Renta de los Hogares (ADRH) publicado por el INE radiograf\u00eda la situaci\u00f3n actual en la totalidad de los municipios valencianos que encabeza Rocafort (15.627 euros) y Godella (14.304 euros), entre otros muchos.&nbsp;<\/p>\n\n\n\n<p>\tEl alcalde de Riba-roja de T\u00faria, Robert Raga, ha manifestado que estos datos \u201creflejan la mejor\u00eda que se ha experimentado en nuestro municipio entre los a\u00f1os 2015 y 2016 en renta per c\u00e1pita tanto de forma personal como en econom\u00eda familiar, con una bajada de impuestos hacia las familias y una mejora en los servicios p\u00fablicos gracias a una eficiente pol\u00edtica fiscal; sin entrar en debates triunfalistas, las cifras nos animan a continuar en la misma l\u00ednea de gesti\u00f3n llevada a cabo durante los \u00faltimos a\u00f1os\u201d.&nbsp;<\/p>\n\n\n\n<p>\tRaga ha subrayado los proyectos y las iniciativas desarrolladas a lo largo de la pasada legislatura \u201cen beneficio del tejido industrial as\u00ed como las peque\u00f1as y medianas empresas, adem\u00e1s de otras pol\u00edticas de formaci\u00f3n y cualificaci\u00f3n profesional y los programas de inserci\u00f3n laboral, dedicados hacia todas las personas que actualmente hay paradas en Riba-roja\u201d.<\/p>\n","protected":false},"excerpt":{"rendered":"<div class=\"mh-excerpt\">La localidad de Riba-roja de T\u00faria ha aumentado en un 2\u20195% la renta econ\u00f3mica media por hogar en los \u00faltimos a\u00f1os y se sit\u00faa en cuarto lugar en el global de la comarca al pasar <a class=\"mh-excerpt-more\" href=\"https:\/\/www.tucomarca.com\/wordpress\/segunda\/riba-roja-de-turia-aumenta-un-25-la-renta-economica-media-anual-por-hogar-en-la-comarca-en-los-ultimos-anos\/\" title=\"Riba-roja de T\u00faria aumenta un 2\u20195% la renta econ\u00f3mica media anual por hogar en la comarca en los \u00faltimos a\u00f1os\">[+] <\/a><\/div>\n","protected":false},"author":2,"featured_media":92809,"comment_status":"open","ping_status":"open","sticky":false,"template":"","format":"standard","meta":{"footnotes":""},"categories":[46,8,142,182,3,45],"tags":[8900],"class_list":{"0":"post-92825","1":"post","2":"type-post","3":"status-publish","4":"format-standard","5":"has-post-thumbnail","7":"category-camp-de-turia","8":"category-la-comarca","9":"category-politica-la-comarca","10":"category-riba-roja","11":"category-seccion","12":"category-ventana","13":"tag-riba-roja-del-turia"},"_links":{"self":[{"href":"https:\/\/www.tucomarca.com\/wordpress\/segunda\/wp-json\/wp\/v2\/posts\/92825","targetHints":{"allow":["GET"]}}],"collection":[{"href":"https:\/\/www.tucomarca.com\/wordpress\/segunda\/wp-json\/wp\/v2\/posts"}],"about":[{"href":"https:\/\/www.tucomarca.com\/wordpress\/segunda\/wp-json\/wp\/v2\/types\/post"}],"author":[{"embeddable":true,"href":"https:\/\/www.tucomarca.com\/wordpress\/segunda\/wp-json\/wp\/v2\/users\/2"}],"replies":[{"embeddable":true,"href":"https:\/\/www.tucomarca.com\/wordpress\/segunda\/wp-json\/wp\/v2\/comments?post=92825"}],"version-history":[{"count":0,"href":"https:\/\/www.tucomarca.com\/wordpress\/segunda\/wp-json\/wp\/v2\/posts\/92825\/revisions"}],"wp:featuredmedia":[{"embeddable":true,"href":"https:\/\/www.tucomarca.com\/wordpress\/segunda\/wp-json\/wp\/v2\/media\/92809"}],"wp:attachment":[{"href":"https:\/\/www.tucomarca.com\/wordpress\/segunda\/wp-json\/wp\/v2\/media?parent=92825"}],"wp:term":[{"taxonomy":"category","embeddable":true,"href":"https:\/\/www.tucomarca.com\/wordpress\/segunda\/wp-json\/wp\/v2\/categories?post=92825"},{"taxonomy":"post_tag","embeddable":true,"href":"https:\/\/www.tucomarca.com\/wordpress\/segunda\/wp-json\/wp\/v2\/tags?post=92825"}],"curies":[{"name":"wp","href":"https:\/\/api.w.org\/{rel}","templated":true}]}}