{"id":92834,"date":"2019-10-06T22:50:54","date_gmt":"2019-10-06T20:50:54","guid":{"rendered":"http:\/\/www.tucomarca.com\/wordpress\/segunda\/?p=92834"},"modified":"2019-10-08T00:59:55","modified_gmt":"2019-10-07T22:59:55","slug":"bunol-celebrara-el-9-de-octubre-con-diversos-actos","status":"publish","type":"post","link":"https:\/\/www.tucomarca.com\/wordpress\/segunda\/bunol-celebrara-el-9-de-octubre-con-diversos-actos\/","title":{"rendered":"Bu\u00f1ol celebrar\u00e1 el 9 de Octubre con diversos actos"},"content":{"rendered":"\n<p>El Ayuntamiento de Bu\u00f1ol celebrar\u00e1 el d\u00eda de la Comunitat Valenciana con diversos actos que se celebrar\u00e1n a las 19,00 horas, en la Sala El Mercado .<\/p>\n\n\n\n<p>La celebraci\u00f3n institucional constar\u00e1 de un recital musical y po\u00e9tico valenciano y un reconocimiento a las asociaciones homenajeadas este 2019.<\/p>\n","protected":false},"excerpt":{"rendered":"<div class=\"mh-excerpt\">El Ayuntamiento de Bu\u00f1ol celebrar\u00e1 el d\u00eda de la Comunitat Valenciana con diversos actos que se celebrar\u00e1n a las 19,00 horas, en la Sala El Mercado . La celebraci\u00f3n institucional constar\u00e1 de un recital musical <a class=\"mh-excerpt-more\" href=\"https:\/\/www.tucomarca.com\/wordpress\/segunda\/bunol-celebrara-el-9-de-octubre-con-diversos-actos\/\" title=\"Bu\u00f1ol celebrar\u00e1 el 9 de Octubre con diversos actos\">[+] <\/a><\/div>\n","protected":false},"author":2,"featured_media":92888,"comment_status":"open","ping_status":"open","sticky":false,"template":"","format":"standard","meta":{"footnotes":""},"categories":[4,18,10,3],"tags":[10385],"class_list":{"0":"post-92834","1":"post","2":"type-post","3":"status-publish","4":"format-standard","5":"has-post-thumbnail","7":"category-agenda","8":"category-bunol","9":"category-la-hoya","10":"category-seccion","11":"tag-bunol"},"_links":{"self":[{"href":"https:\/\/www.tucomarca.com\/wordpress\/segunda\/wp-json\/wp\/v2\/posts\/92834","targetHints":{"allow":["GET"]}}],"collection":[{"href":"https:\/\/www.tucomarca.com\/wordpress\/segunda\/wp-json\/wp\/v2\/posts"}],"about":[{"href":"https:\/\/www.tucomarca.com\/wordpress\/segunda\/wp-json\/wp\/v2\/types\/post"}],"author":[{"embeddable":true,"href":"https:\/\/www.tucomarca.com\/wordpress\/segunda\/wp-json\/wp\/v2\/users\/2"}],"replies":[{"embeddable":true,"href":"https:\/\/www.tucomarca.com\/wordpress\/segunda\/wp-json\/wp\/v2\/comments?post=92834"}],"version-history":[{"count":0,"href":"https:\/\/www.tucomarca.com\/wordpress\/segunda\/wp-json\/wp\/v2\/posts\/92834\/revisions"}],"wp:featuredmedia":[{"embeddable":true,"href":"https:\/\/www.tucomarca.com\/wordpress\/segunda\/wp-json\/wp\/v2\/media\/92888"}],"wp:attachment":[{"href":"https:\/\/www.tucomarca.com\/wordpress\/segunda\/wp-json\/wp\/v2\/media?parent=92834"}],"wp:term":[{"taxonomy":"category","embeddable":true,"href":"https:\/\/www.tucomarca.com\/wordpress\/segunda\/wp-json\/wp\/v2\/categories?post=92834"},{"taxonomy":"post_tag","embeddable":true,"href":"https:\/\/www.tucomarca.com\/wordpress\/segunda\/wp-json\/wp\/v2\/tags?post=92834"}],"curies":[{"name":"wp","href":"https:\/\/api.w.org\/{rel}","templated":true}]}}