{"id":92837,"date":"2019-10-06T23:22:37","date_gmt":"2019-10-06T21:22:37","guid":{"rendered":"http:\/\/www.tucomarca.com\/wordpress\/segunda\/?p=92837"},"modified":"2019-10-06T23:22:40","modified_gmt":"2019-10-06T21:22:40","slug":"fotogaleria-el-circuito-trail-valencia-cajamar-%e2%80%a8inicia-su-nueva-temporada-en-cofrentes","status":"publish","type":"post","link":"https:\/\/www.tucomarca.com\/wordpress\/segunda\/fotogaleria-el-circuito-trail-valencia-cajamar-%e2%80%a8inicia-su-nueva-temporada-en-cofrentes\/","title":{"rendered":"Fotogaler\u00eda: El Circuito Trail Valencia-Cajamar \u2028inicia su nueva temporada en Cofrentes"},"content":{"rendered":"\n<p>El <strong>Circuito Trail Valencia-Cajamar (CTV) <\/strong>ha comenzado su novena edici\u00f3n con un espectacular III <strong>Trail Castillo de Cofrentes<\/strong>, en el que se ha podido disfrutar ya de las novedades de esta edici\u00f3n como el nuevo recorrido, el maillot de campeones o los premios para el equipo m\u00e1s numeroso.&nbsp;<\/p>\n\n\n\n<p>La prueba ha constado de dos modalidades, el sprinttrail de 11 kil\u00f3metros y 450 m D+, y el trail de 19,6 km y 850 m D+. Ambas combinaban tramos t\u00e9cnicos y r\u00e1pidos e inclu\u00edan una nueva senda que ha provocado que los tiempos sean casi cinco minutos m\u00e1s altos que en ediciones anteriores.&nbsp;<\/p>\n\n\n\n<p>As\u00ed, en la modalidad m\u00e1s corta, el podio ha recordado a ediciones anteriores del CTV; el ganador ha sido <strong>\u00c1lex Campos<\/strong> (\u00c1lex Campos Team) con un tiempo de 50:24, mientras que la ganadora <strong>Sara P\u00e9rez <\/strong>(\u00c1lex Campos Team) ha hecho lo propio en categor\u00eda femenina al entrar en meta en 1:00:49. Precisamente, el <strong>\u00c1lex Campos Team<\/strong> se ha llevado el t\u00edtulo el mejor equipo del sprinttrail y un jam\u00f3n que le reconoc\u00eda como club m\u00e1s numeroso (sumando las dos modalidades), un premio que se ha incorporado esta temporada,<\/p>\n\n\n\n<p>En la distancia larga, los t\u00edtulos se los ha llevado el <strong>Alejandro Sanz-Timerlap<\/strong> gracias especialmente a <strong>Jes\u00fas Quiles y Silvia Sarri\u00f3n<\/strong>. El primero ha empleado 1:36:04 en completar los casi 20 kil\u00f3metros de la carrera, mientras que la segunda, ganadora del CTV 2018-19, <strong>Silvia Sarri\u00f3n<\/strong>, 2:06:34.&nbsp;<\/p>\n\n\n\n<p>Tras Cofrentes, el 17 de noviembre el CTV visitar\u00e1 Navarr\u00e9s y el 15 de diciembre, tendr\u00e1 lugar el esperado Trail Xeresa-Mond\u00faver, que este a\u00f1o cuenta con una subida totalmente diferente. Tras las Navidades, el 26 de enero llegar\u00e1 Chera y, tras un par\u00f3n, el 5 de abril el CTV viajar\u00e1 hasta Cortes de Pall\u00e1s para acabar, como cada a\u00f1o, el 17 de mayo con el Trail Gestalgar-Pe\u00f1a Mar\u00eda.<\/p>\n\n\n\n<p><strong>SPRINTTRAIL:<\/strong><\/p>\n\n\n\n<p>Masculino<\/p>\n\n\n\n<p>1. \u00c1lex Campos (\u00c1lex Campos Team) 50:24<br>\n2. Mario Werther (CA Silla) 50:44<br>\n3. Roberto Benavent 50:56<\/p>\n\n\n\n<p>Femenino<\/p>\n\n\n\n<p>1. Sara P\u00e9rez (\u00c1lex Campos Team) 1:00:49<br>\n2. Alina Teodora&nbsp;(Club Esportiu La Porte Fresca) 1:01:17<br>\n3. Yolanda Hern\u00e1ndez (Green Power Sports Team) 1:05:38<\/p>\n\n\n\n<p><strong>TRAIL<\/strong><\/p>\n\n\n\n<p>Masculino<\/p>\n\n\n\n<p>1. Jes\u00fas Quiles&nbsp;(Timerlap Equipo Trail) 1:36:04<br>\n2. Rafa Murcia&nbsp;(CXM Val\u00e8ncia) 1:37:27<br>\n3. Toni V\u00e1zquez (Timerlap) 1:38:30<\/p>\n\n\n\n<p>Femenino<\/p>\n\n\n\n<p>1. Silvia Sarri\u00f3n&nbsp;(Timerlap Equipo Trail) 2:06:34<br>\n2. Noelia Valle (Sport Spirit Team) 2:09:20<br>\n3. Beatriz De la Fuente 2:12:20<br><\/p>\n\n\n\n<ul class=\"wp-block-gallery columns-3 wp-block-gallery-1 is-layout-flex wp-block-gallery-is-layout-flex\"><li class=\"blocks-gallery-item\"><figure><img loading=\"lazy\" decoding=\"async\" width=\"2000\" height=\"1334\" src=\"https:\/\/i1.wp.com\/www.tucomarca.com\/wordpress\/segunda\/wp-content\/uploads\/2019\/10\/Carrera1.jpg?fit=1024%2C683\" alt=\"\" data-id=\"92868\" data-link=\"https:\/\/www.tucomarca.com\/wordpress\/segunda\/?attachment_id=92868\" class=\"wp-image-92868\" srcset=\"https:\/\/www.tucomarca.com\/wordpress\/segunda\/wp-content\/uploads\/2019\/10\/Carrera1.jpg 2000w, https:\/\/www.tucomarca.com\/wordpress\/segunda\/wp-content\/uploads\/2019\/10\/Carrera1-300x200.jpg 300w, https:\/\/www.tucomarca.com\/wordpress\/segunda\/wp-content\/uploads\/2019\/10\/Carrera1-768x512.jpg 768w, https:\/\/www.tucomarca.com\/wordpress\/segunda\/wp-content\/uploads\/2019\/10\/Carrera1-1024x683.jpg 1024w\" sizes=\"auto, (max-width: 2000px) 100vw, 2000px\" \/><\/figure><\/li><li class=\"blocks-gallery-item\"><figure><img loading=\"lazy\" decoding=\"async\" width=\"3723\" height=\"2840\" src=\"https:\/\/i0.wp.com\/www.tucomarca.com\/wordpress\/segunda\/wp-content\/uploads\/2019\/10\/Ganadorasprint.jpg?fit=1024%2C781\" alt=\"\" data-id=\"92870\" data-link=\"https:\/\/www.tucomarca.com\/wordpress\/segunda\/?attachment_id=92870\" class=\"wp-image-92870\" srcset=\"https:\/\/www.tucomarca.com\/wordpress\/segunda\/wp-content\/uploads\/2019\/10\/Ganadorasprint.jpg 3723w, https:\/\/www.tucomarca.com\/wordpress\/segunda\/wp-content\/uploads\/2019\/10\/Ganadorasprint-300x229.jpg 300w, https:\/\/www.tucomarca.com\/wordpress\/segunda\/wp-content\/uploads\/2019\/10\/Ganadorasprint-768x586.jpg 768w, https:\/\/www.tucomarca.com\/wordpress\/segunda\/wp-content\/uploads\/2019\/10\/Ganadorasprint-1024x781.jpg 1024w, https:\/\/www.tucomarca.com\/wordpress\/segunda\/wp-content\/uploads\/2019\/10\/Ganadorasprint-80x60.jpg 80w\" sizes=\"auto, (max-width: 3723px) 100vw, 3723px\" \/><\/figure><\/li><li class=\"blocks-gallery-item\"><figure><img loading=\"lazy\" decoding=\"async\" width=\"1333\" height=\"2000\" src=\"https:\/\/i1.wp.com\/www.tucomarca.com\/wordpress\/segunda\/wp-content\/uploads\/2019\/10\/Ganadorestrail.jpg?fit=682%2C1024\" alt=\"\" data-id=\"92872\" data-link=\"https:\/\/www.tucomarca.com\/wordpress\/segunda\/?attachment_id=92872\" class=\"wp-image-92872\" srcset=\"https:\/\/www.tucomarca.com\/wordpress\/segunda\/wp-content\/uploads\/2019\/10\/Ganadorestrail.jpg 1333w, https:\/\/www.tucomarca.com\/wordpress\/segunda\/wp-content\/uploads\/2019\/10\/Ganadorestrail-200x300.jpg 200w, https:\/\/www.tucomarca.com\/wordpress\/segunda\/wp-content\/uploads\/2019\/10\/Ganadorestrail-768x1152.jpg 768w, https:\/\/www.tucomarca.com\/wordpress\/segunda\/wp-content\/uploads\/2019\/10\/Ganadorestrail-682x1024.jpg 682w\" sizes=\"auto, (max-width: 1333px) 100vw, 1333px\" \/><\/figure><\/li><li class=\"blocks-gallery-item\"><figure><img loading=\"lazy\" decoding=\"async\" width=\"3829\" height=\"2710\" src=\"https:\/\/i1.wp.com\/www.tucomarca.com\/wordpress\/segunda\/wp-content\/uploads\/2019\/10\/Ganadorsprint.jpg?fit=1024%2C725\" alt=\"\" data-id=\"92874\" data-link=\"https:\/\/www.tucomarca.com\/wordpress\/segunda\/?attachment_id=92874\" class=\"wp-image-92874\" srcset=\"https:\/\/www.tucomarca.com\/wordpress\/segunda\/wp-content\/uploads\/2019\/10\/Ganadorsprint.jpg 3829w, https:\/\/www.tucomarca.com\/wordpress\/segunda\/wp-content\/uploads\/2019\/10\/Ganadorsprint-300x212.jpg 300w, https:\/\/www.tucomarca.com\/wordpress\/segunda\/wp-content\/uploads\/2019\/10\/Ganadorsprint-768x544.jpg 768w, https:\/\/www.tucomarca.com\/wordpress\/segunda\/wp-content\/uploads\/2019\/10\/Ganadorsprint-1024x725.jpg 1024w\" sizes=\"auto, (max-width: 3829px) 100vw, 3829px\" \/><\/figure><\/li><\/ul>\n","protected":false},"excerpt":{"rendered":"<div class=\"mh-excerpt\">El Circuito Trail Valencia-Cajamar (CTV) ha comenzado su novena edici\u00f3n con un espectacular III Trail Castillo de Cofrentes, en el que se ha podido disfrutar ya de las novedades de esta edici\u00f3n como el nuevo <a class=\"mh-excerpt-more\" href=\"https:\/\/www.tucomarca.com\/wordpress\/segunda\/fotogaleria-el-circuito-trail-valencia-cajamar-%e2%80%a8inicia-su-nueva-temporada-en-cofrentes\/\" title=\"Fotogaler\u00eda: El Circuito Trail Valencia-Cajamar \u2028inicia su nueva temporada en Cofrentes\">[+] <\/a><\/div>\n","protected":false},"author":1,"featured_media":92865,"comment_status":"open","ping_status":"open","sticky":false,"template":"","format":"standard","meta":{"footnotes":""},"categories":[98,38,186,41,40,6,193,70,72,59,270,3,45],"tags":[10393],"class_list":{"0":"post-92837","1":"post","2":"type-post","3":"status-publish","4":"format-standard","5":"has-post-thumbnail","7":"category-atletismo","8":"category-ayora-cofrentes","9":"category-chera-los-serranos","10":"category-cofrentes","11":"category-cortes-de-pallas","12":"category-deportes","13":"category-gestalgar","14":"category-la-canal-de-navarres","15":"category-sin-categorizar","16":"category-los-serranos","17":"category-navarres","18":"category-seccion","19":"category-ventana","20":"tag-cofrentes"},"_links":{"self":[{"href":"https:\/\/www.tucomarca.com\/wordpress\/segunda\/wp-json\/wp\/v2\/posts\/92837","targetHints":{"allow":["GET"]}}],"collection":[{"href":"https:\/\/www.tucomarca.com\/wordpress\/segunda\/wp-json\/wp\/v2\/posts"}],"about":[{"href":"https:\/\/www.tucomarca.com\/wordpress\/segunda\/wp-json\/wp\/v2\/types\/post"}],"author":[{"embeddable":true,"href":"https:\/\/www.tucomarca.com\/wordpress\/segunda\/wp-json\/wp\/v2\/users\/1"}],"replies":[{"embeddable":true,"href":"https:\/\/www.tucomarca.com\/wordpress\/segunda\/wp-json\/wp\/v2\/comments?post=92837"}],"version-history":[{"count":0,"href":"https:\/\/www.tucomarca.com\/wordpress\/segunda\/wp-json\/wp\/v2\/posts\/92837\/revisions"}],"wp:featuredmedia":[{"embeddable":true,"href":"https:\/\/www.tucomarca.com\/wordpress\/segunda\/wp-json\/wp\/v2\/media\/92865"}],"wp:attachment":[{"href":"https:\/\/www.tucomarca.com\/wordpress\/segunda\/wp-json\/wp\/v2\/media?parent=92837"}],"wp:term":[{"taxonomy":"category","embeddable":true,"href":"https:\/\/www.tucomarca.com\/wordpress\/segunda\/wp-json\/wp\/v2\/categories?post=92837"},{"taxonomy":"post_tag","embeddable":true,"href":"https:\/\/www.tucomarca.com\/wordpress\/segunda\/wp-json\/wp\/v2\/tags?post=92837"}],"curies":[{"name":"wp","href":"https:\/\/api.w.org\/{rel}","templated":true}]}}