{"id":92839,"date":"2019-10-06T22:43:51","date_gmt":"2019-10-06T20:43:51","guid":{"rendered":"http:\/\/www.tucomarca.com\/wordpress\/segunda\/?p=92839"},"modified":"2019-10-06T22:44:05","modified_gmt":"2019-10-06T20:44:05","slug":"el-9-de-octubre-llega-a-leliana-con-actos-para-todos-los-publicos","status":"publish","type":"post","link":"https:\/\/www.tucomarca.com\/wordpress\/segunda\/el-9-de-octubre-llega-a-leliana-con-actos-para-todos-los-publicos\/","title":{"rendered":"El 9 de octubre llega a l\u2019Eliana con actos para todos los p\u00fablicos"},"content":{"rendered":"\n<p>El 9 de octubre ya est\u00e1 aqu\u00ed. Los vecinos y vecinas de l\u2019Eliana, al igual que los habitantes de los 542 municipios de la Comunidad Valenciana, se disponen a celebrar su fiesta grande conmemorando la entrada del rey Jaume I en 1238 en la ciudad de Val\u00e8ncia. Es la fiesta de todos y todas en la que cada localidad se engalana para festejar, rememorar y reforzar nuestras se\u00f1as de identidad.<\/p>\n\n\n\n<p>L\u2019Eliana est\u00e1 preparada, un a\u00f1o m\u00e1s, para sumarse a esa fiesta y lo har\u00e1 apoy\u00e1ndose en dos de los pilares que sustentan el tejido social de la localidad: la cultura y el deporte participativo. El lunes 7 de octubre habr\u00e1 una proyecci\u00f3n cinematogr\u00e1fica a las 19:30 en el Nou Espai del Centro Sociocultural. Se trata de la comedia \u201cM\u2019esperar\u00e0s?\u201d, producci\u00f3n en lengua valenciana dirigida por Carles Alberola.<\/p>\n\n\n\n<p>Contin\u00faan los actos el martes d\u00eda 8 con dos acontecimientos musicales: a las 19:30 en la Plaza del Pa\u00eds Valenci\u00e0 habr\u00e1 un \u201cSarau Valenci\u00e0\u201d, donde no faltar\u00e1 la rondalla, fandangos, jotas, cant d\u2019estil y otros g\u00e9neros tradicionales valencianos. Se trata de una actividad abierta a todas las personas de cualquier edad que quieran participar y bailar. La Asociaci\u00f3n Cultural La Llauradora de l\u2019Eliana se encarga de la organizaci\u00f3n de este acto.<\/p>\n\n\n\n<p>El mismo d\u00eda, pero a las 22:30 en la Terraza del Cine de Verano, habr\u00e1 un concierto con uno de los grupos m\u00e1s veteranos del panorama musical valenciano. Bajoqueta Rock ser\u00e1n los protagonistas de la noche, una banda que con sus casi 30 a\u00f1os de historia sobre los escenarios contin\u00faa haciendo disfrutar al p\u00fablico con sus actuaciones exc\u00e9ntricas y sus letras cargadas de humor. Esta actividad, con entrada libre, est\u00e1 organizada por la Clavar\u00eda de la Virgen del Carmen 2020.<\/p>\n\n\n\n<p>El mi\u00e9rcoles 9 de octubre, Fiesta de la Comunidad Valenciana, tendr\u00e1 lugar el tradicional Ciclopaseo como viene sucediendo desde hace 32 a\u00f1os. Es una manifestaci\u00f3n c\u00edvica deportiva pero no competitiva que congrega a cientos de elianeros y elianeras que realizan un recorrido en bicicleta por las calles del municipio. La salida ser\u00e1 a las 12:00 en la Plaza de Europa.<\/p>\n\n\n\n<p>Como fin de fiesta, la \u201cFireta\u201d tambi\u00e9n atraer\u00e1 a numeroso p\u00fablico de todas las edades a partir de las 18:00 a la Plaza del Pa\u00eds Valenci\u00e0. Este a\u00f1o habr\u00e1 talleres infantiles, un punto de informaci\u00f3n del Servei de Promoci\u00f3 del Valenci\u00e0, un punto de lectura en valenci\u00e0 de la Biblioteca Municipal. Una muestra de actividades de asociaciones de cultura tradicional de la localidad y no pod\u00edan faltar la degustaci\u00f3n de productos valencianos a cargo de las comisiones falleras y la danza de los gigantes y bailes tradicionales. Adem\u00e1s, Teatre Buffo aportar\u00e1n los \u201cCuentos en Femenino Plural\u201d, un espect\u00e1culo infantil en valenciano, y a las 20:30 ser\u00e1 cuando se clausuren todas las actividades en conmemoraci\u00f3n del 9 de octubre en l\u2019Eliana.<br><\/p>\n","protected":false},"excerpt":{"rendered":"<div class=\"mh-excerpt\">El 9 de octubre ya est\u00e1 aqu\u00ed. Los vecinos y vecinas de l\u2019Eliana, al igual que los habitantes de los 542 municipios de la Comunidad Valenciana, se disponen a celebrar su fiesta grande conmemorando la <a class=\"mh-excerpt-more\" href=\"https:\/\/www.tucomarca.com\/wordpress\/segunda\/el-9-de-octubre-llega-a-leliana-con-actos-para-todos-los-publicos\/\" title=\"El 9 de octubre llega a l\u2019Eliana con actos para todos los p\u00fablicos\">[+] <\/a><\/div>\n","protected":false},"author":1,"featured_media":92842,"comment_status":"open","ping_status":"open","sticky":false,"template":"","format":"standard","meta":{"footnotes":""},"categories":[4,46,177,3],"tags":[5944],"class_list":{"0":"post-92839","1":"post","2":"type-post","3":"status-publish","4":"format-standard","5":"has-post-thumbnail","7":"category-agenda","8":"category-camp-de-turia","9":"category-leliana","10":"category-seccion","11":"tag-9-doctubre"},"_links":{"self":[{"href":"https:\/\/www.tucomarca.com\/wordpress\/segunda\/wp-json\/wp\/v2\/posts\/92839","targetHints":{"allow":["GET"]}}],"collection":[{"href":"https:\/\/www.tucomarca.com\/wordpress\/segunda\/wp-json\/wp\/v2\/posts"}],"about":[{"href":"https:\/\/www.tucomarca.com\/wordpress\/segunda\/wp-json\/wp\/v2\/types\/post"}],"author":[{"embeddable":true,"href":"https:\/\/www.tucomarca.com\/wordpress\/segunda\/wp-json\/wp\/v2\/users\/1"}],"replies":[{"embeddable":true,"href":"https:\/\/www.tucomarca.com\/wordpress\/segunda\/wp-json\/wp\/v2\/comments?post=92839"}],"version-history":[{"count":0,"href":"https:\/\/www.tucomarca.com\/wordpress\/segunda\/wp-json\/wp\/v2\/posts\/92839\/revisions"}],"wp:featuredmedia":[{"embeddable":true,"href":"https:\/\/www.tucomarca.com\/wordpress\/segunda\/wp-json\/wp\/v2\/media\/92842"}],"wp:attachment":[{"href":"https:\/\/www.tucomarca.com\/wordpress\/segunda\/wp-json\/wp\/v2\/media?parent=92839"}],"wp:term":[{"taxonomy":"category","embeddable":true,"href":"https:\/\/www.tucomarca.com\/wordpress\/segunda\/wp-json\/wp\/v2\/categories?post=92839"},{"taxonomy":"post_tag","embeddable":true,"href":"https:\/\/www.tucomarca.com\/wordpress\/segunda\/wp-json\/wp\/v2\/tags?post=92839"}],"curies":[{"name":"wp","href":"https:\/\/api.w.org\/{rel}","templated":true}]}}