{"id":92939,"date":"2019-10-07T00:47:50","date_gmt":"2019-10-06T22:47:50","guid":{"rendered":"http:\/\/www.tucomarca.com\/wordpress\/segunda\/?p=92939"},"modified":"2019-10-07T00:47:59","modified_gmt":"2019-10-06T22:47:59","slug":"el-consejo-escolar-municipal-de-cheste-aprueba-el-calendario-de-actividades-educativas-de-2019-2020","status":"publish","type":"post","link":"https:\/\/www.tucomarca.com\/wordpress\/segunda\/el-consejo-escolar-municipal-de-cheste-aprueba-el-calendario-de-actividades-educativas-de-2019-2020\/","title":{"rendered":"El consejo escolar municipal de Cheste aprueba el calendario de actividades educativas de 2019-2020"},"content":{"rendered":"\n<p>El consejo escolar municipal de Cheste se ha reunido para aprobar las actividades educativas que se desarrollar\u00e1n a lo largo del presente curso escolar. Adem\u00e1s, desde la concejal\u00eda de Educaci\u00f3n se dio a conocer el Centro Mujer de Y\u00e1tova, dependiente de la Generalitat, dirigido a mujeres v\u00edctimas de malos tratos, agresiones o abusos sexuales o de acoso sexual en el \u00e1mbito laboral. Este centro ofrece atenci\u00f3n directa gratuita en el \u00e1mbito social, psicol\u00f3gico y jur\u00eddico por parte de profesionales durante las 24 horas del d\u00eda, todo el a\u00f1o. Adem\u00e1s, estuvieron invitados a asistir a la reuni\u00f3n del consejo escolar el concejal de Igualdad del Ayuntamiento, Ra\u00fal Mota, y las coordinadoras de igualdad de los centros educativos.<\/p>\n\n\n\n<p>Al finalizar la reuni\u00f3n, la concejala de Educaci\u00f3n, M\u00aa \u00c1ngeles Llorente, hizo entrega de una placa a Teo Vallet, en agradecimiento a su participaci\u00f3n durante m\u00e1s de una d\u00e9cada en el consejo escolar municipal. \u201cComo presidenta del Consejo Escolar Municipal y en representaci\u00f3n de todos sus miembros, agradezco a Teo su implicaci\u00f3n durante estos a\u00f1os para mejorar la calidad educativa en Cheste\u201d, destacaba Llorente. \u201cEs muy importante que las familias participen en todas las decisiones educativas y hay que reconocer a los padres y madres que se implican, ya que hacen un gran esfuerzo de conciliaci\u00f3n con su trabajo y dedican un tiempo de manera altruista para el beneficio de todos y todas. Por ello, hacemos entrega de esta placa, reconociendo la labor realizada por Teo Vallet durante trece a\u00f1os\u201d.<\/p>\n\n\n\n<p><strong>Actividades educativas<\/strong><\/p>\n\n\n\n<p>Como se acord\u00f3 en la reuni\u00f3n del consejo escolar municipal, continuar\u00e1 la apuesta por potenciar tanto el ingl\u00e9s como el valenciano a trav\u00e9s del teatro. Por ello, se han programado actuaciones teatrales en valenciano dirigidas a alumnado de educaci\u00f3n Infantil y Primaria y en ingl\u00e9s para Primaria, ESO y Bachillerato.&nbsp;<\/p>\n\n\n\n<p>Se mantendr\u00e1n en el calendario, entre otras, varias actividades con un cariz solidario, como la celebraci\u00f3n de la semana de las enfermedades raras, en colaboraci\u00f3n con la asociaci\u00f3n FEDER; la recogida de juguetes para la asociaci\u00f3n \u201cPro-vivienda La Hoya\u201d; la celebraci\u00f3n de la III Jornada por la inclusi\u00f3n; la organizaci\u00f3n del mercadillo solidario, cuya recaudaci\u00f3n ir\u00e1 destinada a C\u00e1ritas en esta ocasi\u00f3n; y la campa\u00f1a sobre acogimiento familiar, que ya lleva realiz\u00e1ndose en los centros desde inicio del curso.<\/p>\n\n\n\n<p>Uno de los proyectos que abarcar\u00e1 todo el curso ser\u00e1 el de \u201cEl gran juego del ajedrez\u201d, una actividad que suma ya cinco ediciones, impulsada por Jos\u00e9 Miguel Martino, presidente del club de ajedrez de Cheste, junto a la concejal\u00eda de Educaci\u00f3n, y que involucra a toda la comunidad educativa. \u201cEl gran juego del ajedrez\u201d plantea la resoluci\u00f3n de problemas y preguntas relacionadas con el ajedrez y con las distintas \u00e1reas del curr\u00edculum, con el objetivo de desarrollar el pensamiento cr\u00edtico, la memoria, la creatividad, la concentraci\u00f3n y el respeto. De igual modo se mantendr\u00e1 el Certamen literario escolar, otra propuestas educativas que se desarrolla durante pr\u00e1cticamente todo el curso y que goza de gran \u00e9xito entre alumnos y alumnas.&nbsp;<\/p>\n\n\n\n<p>El alumnado de los centros educativos de Cheste tambi\u00e9n celebrar\u00e1 el D\u00eda del \u00c1rbol, a finales de enero de 2020; y el carnaval, con un desfile programado para el 28 de febrero de 2020. Y, por quinto a\u00f1o consecutivo, se llevar\u00e1n a cabo las jornadas intergeneracionales, mediante las que se pretende establecer contacto entre personas de distintas generaciones para favorecer un aprendizaje significativo basado en el intercambio de experiencias.<\/p>\n\n\n\n<p>Adem\u00e1s, un a\u00f1o m\u00e1s, coincidiendo con la celebraci\u00f3n del D\u00eda del Libro, se convocar\u00e1n las jornadas de animaci\u00f3n a la lectura, coordinadas desde la biblioteca municipal, del 22 de abril al 5 de mayo de 2020. El 2 de mayo de 2020, s\u00e1bado, la plaza Doctor Cajal acoger\u00e1 la Feria del Libro, con distintas actividades para toda la familia. Tambi\u00e9n <em>Graffitea Cheste<\/em>, uno de los proyectos m\u00e1s importantes en la localidad a nivel cultural, ocupar\u00e1 su espacio en la agenda de los centros educativos, con actividades art\u00edsticas para los m\u00e1s peque\u00f1os y las m\u00e1s peque\u00f1as, que tendr\u00e1n lugar durante la semana del 11 al 17 de mayo. &nbsp;<\/p>\n\n\n\n<p>Fuera del horario escolar, como viene siendo habitual, desde la concejal\u00eda de Educaci\u00f3n se organizar\u00e1 una escuela de pascua, que se pondr\u00e1 en marcha entre el 14 y el 17 de abril de 2020, y una escuela de verano, durante el mes de julio de 2020.<\/p>\n\n\n\n<p>Por \u00faltimo, la Fundaci\u00f3n cajacheste ofrecer\u00e1 distintas actividades a lo largo del curso escolar, sobre econom\u00eda financiera, t\u00e9cnicas de estudio o astronom\u00eda.&nbsp;<br><\/p>\n","protected":false},"excerpt":{"rendered":"<div class=\"mh-excerpt\">El consejo escolar municipal de Cheste se ha reunido para aprobar las actividades educativas que se desarrollar\u00e1n a lo largo del presente curso escolar. Adem\u00e1s, desde la concejal\u00eda de Educaci\u00f3n se dio a conocer el <a class=\"mh-excerpt-more\" href=\"https:\/\/www.tucomarca.com\/wordpress\/segunda\/el-consejo-escolar-municipal-de-cheste-aprueba-el-calendario-de-actividades-educativas-de-2019-2020\/\" title=\"El consejo escolar municipal de Cheste aprueba el calendario de actividades educativas de 2019-2020\">[+] <\/a><\/div>\n","protected":false},"author":1,"featured_media":92941,"comment_status":"open","ping_status":"open","sticky":false,"template":"","format":"standard","meta":{"footnotes":""},"categories":[17,8,10,3],"tags":[],"class_list":{"0":"post-92939","1":"post","2":"type-post","3":"status-publish","4":"format-standard","5":"has-post-thumbnail","7":"category-cheste","8":"category-la-comarca","9":"category-la-hoya","10":"category-seccion"},"_links":{"self":[{"href":"https:\/\/www.tucomarca.com\/wordpress\/segunda\/wp-json\/wp\/v2\/posts\/92939","targetHints":{"allow":["GET"]}}],"collection":[{"href":"https:\/\/www.tucomarca.com\/wordpress\/segunda\/wp-json\/wp\/v2\/posts"}],"about":[{"href":"https:\/\/www.tucomarca.com\/wordpress\/segunda\/wp-json\/wp\/v2\/types\/post"}],"author":[{"embeddable":true,"href":"https:\/\/www.tucomarca.com\/wordpress\/segunda\/wp-json\/wp\/v2\/users\/1"}],"replies":[{"embeddable":true,"href":"https:\/\/www.tucomarca.com\/wordpress\/segunda\/wp-json\/wp\/v2\/comments?post=92939"}],"version-history":[{"count":0,"href":"https:\/\/www.tucomarca.com\/wordpress\/segunda\/wp-json\/wp\/v2\/posts\/92939\/revisions"}],"wp:featuredmedia":[{"embeddable":true,"href":"https:\/\/www.tucomarca.com\/wordpress\/segunda\/wp-json\/wp\/v2\/media\/92941"}],"wp:attachment":[{"href":"https:\/\/www.tucomarca.com\/wordpress\/segunda\/wp-json\/wp\/v2\/media?parent=92939"}],"wp:term":[{"taxonomy":"category","embeddable":true,"href":"https:\/\/www.tucomarca.com\/wordpress\/segunda\/wp-json\/wp\/v2\/categories?post=92939"},{"taxonomy":"post_tag","embeddable":true,"href":"https:\/\/www.tucomarca.com\/wordpress\/segunda\/wp-json\/wp\/v2\/tags?post=92939"}],"curies":[{"name":"wp","href":"https:\/\/api.w.org\/{rel}","templated":true}]}}