{"id":93394,"date":"2019-10-10T20:18:33","date_gmt":"2019-10-10T18:18:33","guid":{"rendered":"http:\/\/www.tucomarca.com\/wordpress\/segunda\/?p=93394"},"modified":"2019-10-10T20:18:41","modified_gmt":"2019-10-10T18:18:41","slug":"la-generalitat-reparara-16-viviendas-del-parque-publico-en-algemesi-para-atender-las-emergencias-habitacionales","status":"publish","type":"post","link":"https:\/\/www.tucomarca.com\/wordpress\/segunda\/la-generalitat-reparara-16-viviendas-del-parque-publico-en-algemesi-para-atender-las-emergencias-habitacionales\/","title":{"rendered":"La Generalitat reparar\u00e1 16 viviendas del parque p\u00fablico en Algemes\u00ed para atender las emergencias habitacionales"},"content":{"rendered":"\n<p>La Vicepresidencia Segunda y Conselleria de Vivienda y Arquitectura Bioclim\u00e1tica reparar\u00e1 16 viviendas pertenecientes al parque p\u00fablico de la Generalitat de Algemes\u00ed y que destinar\u00e1 a atender emergencias habitacionales del municipio.&nbsp;<\/p>\n\n\n\n<p>As\u00ed lo han anunciado representantes de la Conselleria en la reuni\u00f3n que han mantenido con el Ayuntamiento de Algemes\u00ed. En ella han participado la directora general de Vivienda y Regeneraci\u00f3n Urbana, Elena Ezc\u00e1rraga; la directora general de Emergencia Habitacional, Lorena Sanz; el director de la Entidad Valenciana de Vivienda y Suelo, Alberto Aznar; la alcaldesa Marta Trenzano y la concejala de Pol\u00edticas Inclusivas, Ana Girbes.&nbsp;<\/p>\n\n\n\n<p>En el encuentro se ha tratado la problem\u00e1tica que tiene este municipio para atender las emergencias de familias que necesitan un hogar donde vivir. Ante esta necesidad, la Conselleria ha puesto a disposici\u00f3n estas 16 viviendas que, una vez reparadas, se ceder\u00e1n en alquiler social a las personas con mayor necesidad habitacional.&nbsp;<\/p>\n\n\n\n<p>En breve, presonal t\u00e9cnico de la Conselleria realizar\u00e1 una valoraci\u00f3n de los da\u00f1os de cada uno de los inmuebles para que puedan ser reparados a la mayor brevedad posible. Se espera que en los pr\u00f3ximos meses se puedan poner a disposici\u00f3n de los ciudadanos en riesgo de vulnerabilidad social.&nbsp;<\/p>\n\n\n\n<p>Para el Consell, la vivienda es una de las principales prioridades en su pol\u00edtica de gobierno y refuerza el derecho de todas las personas a una vivienda adecuada y digna.<\/p>\n","protected":false},"excerpt":{"rendered":"<div class=\"mh-excerpt\">La Vicepresidencia Segunda y Conselleria de Vivienda y Arquitectura Bioclim\u00e1tica reparar\u00e1 16 viviendas pertenecientes al parque p\u00fablico de la Generalitat de Algemes\u00ed y que destinar\u00e1 a atender emergencias habitacionales del municipio.&nbsp; As\u00ed lo han anunciado <a class=\"mh-excerpt-more\" href=\"https:\/\/www.tucomarca.com\/wordpress\/segunda\/la-generalitat-reparara-16-viviendas-del-parque-publico-en-algemesi-para-atender-las-emergencias-habitacionales\/\" title=\"La Generalitat reparar\u00e1 16 viviendas del parque p\u00fablico en Algemes\u00ed para atender las emergencias habitacionales\">[+] <\/a><\/div>\n","protected":false},"author":1,"featured_media":93456,"comment_status":"open","ping_status":"open","sticky":false,"template":"","format":"standard","meta":{"footnotes":""},"categories":[69,128,8,72,42,142,3],"tags":[],"class_list":{"0":"post-93394","1":"post","2":"type-post","3":"status-publish","4":"format-standard","5":"has-post-thumbnail","7":"category-alzira","8":"category-infraestructuras","9":"category-la-comarca","10":"category-sin-categorizar","11":"category-la-ribera","12":"category-politica-la-comarca","13":"category-seccion"},"_links":{"self":[{"href":"https:\/\/www.tucomarca.com\/wordpress\/segunda\/wp-json\/wp\/v2\/posts\/93394","targetHints":{"allow":["GET"]}}],"collection":[{"href":"https:\/\/www.tucomarca.com\/wordpress\/segunda\/wp-json\/wp\/v2\/posts"}],"about":[{"href":"https:\/\/www.tucomarca.com\/wordpress\/segunda\/wp-json\/wp\/v2\/types\/post"}],"author":[{"embeddable":true,"href":"https:\/\/www.tucomarca.com\/wordpress\/segunda\/wp-json\/wp\/v2\/users\/1"}],"replies":[{"embeddable":true,"href":"https:\/\/www.tucomarca.com\/wordpress\/segunda\/wp-json\/wp\/v2\/comments?post=93394"}],"version-history":[{"count":0,"href":"https:\/\/www.tucomarca.com\/wordpress\/segunda\/wp-json\/wp\/v2\/posts\/93394\/revisions"}],"wp:featuredmedia":[{"embeddable":true,"href":"https:\/\/www.tucomarca.com\/wordpress\/segunda\/wp-json\/wp\/v2\/media\/93456"}],"wp:attachment":[{"href":"https:\/\/www.tucomarca.com\/wordpress\/segunda\/wp-json\/wp\/v2\/media?parent=93394"}],"wp:term":[{"taxonomy":"category","embeddable":true,"href":"https:\/\/www.tucomarca.com\/wordpress\/segunda\/wp-json\/wp\/v2\/categories?post=93394"},{"taxonomy":"post_tag","embeddable":true,"href":"https:\/\/www.tucomarca.com\/wordpress\/segunda\/wp-json\/wp\/v2\/tags?post=93394"}],"curies":[{"name":"wp","href":"https:\/\/api.w.org\/{rel}","templated":true}]}}