{"id":93482,"date":"2019-10-10T22:36:17","date_gmt":"2019-10-10T20:36:17","guid":{"rendered":"http:\/\/www.tucomarca.com\/wordpress\/segunda\/?p=93482"},"modified":"2019-10-10T22:36:26","modified_gmt":"2019-10-10T20:36:26","slug":"fotogaleria-las-entidades-festivas-portan-la-reial-senyera-en-riba-roja-durante-la-procesion-civica-por-primera-vez-en-la-historia","status":"publish","type":"post","link":"https:\/\/www.tucomarca.com\/wordpress\/segunda\/fotogaleria-las-entidades-festivas-portan-la-reial-senyera-en-riba-roja-durante-la-procesion-civica-por-primera-vez-en-la-historia\/","title":{"rendered":"Fotogaler\u00eda: Las entidades festivas portan la Reial Senyera en Riba-roja durante la procesi\u00f3n c\u00edvica por primera vez en la historia"},"content":{"rendered":"\n<p><strong>Un concierto de Pep Gimeno pone el broche al d\u00eda de la Comunitat &nbsp;<\/strong><\/p>\n\n\n\n<p>Las entidades festivas han sido hoy las grandes protagonistas en la procesi\u00f3n c\u00edvica con motivo del 9 d\u2019octubre, dia de la Comunitat, que ha tenido lugar esta ma\u00f1ana por las principales calles del casco urbano de Riba-roja de T\u00faria. Por primera vez en la historia de la democracia, personas pertenecientes a las entidades festivas han portado la bandera y las cuerdas de la Reial Senyera, en lugar de los pol\u00edticos como hasta ahora.&nbsp;<\/p>\n\n\n\n<p>\t&nbsp; La jornada l\u00fadica, festiva y reivindicativa ha comenzado a las 10:30 de la ma\u00f1ana en el Ayuntamiento de Riba-roja donde las dos falleras mayores del municipio, Fina P\u00e9rez Ochoa y Joana Hern\u00e1ndez Folgado, han firmado en el libro de honor. A continuaci\u00f3n, se ha procedido a la bajada de la Reial Senyera desde el balc\u00f3n de la casa consistorial hasta la Pla\u00e7a de l\u2019Ajuntament.&nbsp;<\/p>\n\n\n\n<p>\tPrecisamente, desde la Pla\u00e7a de l\u2019Ajuntament de Riba-roja de T\u00faria ha partido la comitiva formada por las diversas entidades y asociaciones de la localidad, acompa\u00f1ados por los miembros de la corporaci\u00f3n municipal encabezada por el alcalde Robert Raga, adem\u00e1s de ciudadanos y vecinos del municipio que han realizado el recorrido oficial que ha transcurrido en armon\u00eda y sin ning\u00fan tipo de incidente ni problema. &nbsp;<\/p>\n\n\n\n<p>\tLa organizaci\u00f3n de la procesi\u00f3n c\u00edvica ha dispuesto cinco tramos por donde ha transcurrido el acto oficial. El primero ha recorrido el tramo entre la Pla\u00e7a de l\u2019Ajuntament y el carrer 9 d\u2019octubre, el segundo entre el carrer 9 d\u2019octubre y la pla\u00e7a de la constituci\u00f3n, el tercer tramo entre la Pla\u00e7a Constituci\u00f3n y la Helader\u00eda Mati, el cuarto tramo ha discurido entre la Helader\u00eda Mati y Bankia y el \u00faltimo tramo ha comprendido entre el \u00e1rea de Bankia y la Pla\u00e7a Ajuntament, final del trayecto.&nbsp;<\/p>\n\n\n\n<p>\tLa Pla\u00e7a de l\u2019Ajuntament de Riba-roja ha acogido, finalmente, la tradicional \u201cMocaor\u00e0 de Sant Don\u00eds\u201d en la que los Fadrins han repartido dulces y obsequios a los asistentes en este acto singular y muy arraigado del Dia de la Comunitat Valenciana, adem\u00e1s de la participaci\u00f3n de diversos grupos que han amenizado la ma\u00f1ana.&nbsp;<\/p>\n\n\n\n<p>\tPara finalizar, el discurso institucional del 9 d\u2019octubre ha corrido a cargo del acto y director teatral, Joan Raga, ante un numeroso p\u00fablico asistente congregado en la Pla\u00e7a de l\u2019Ajuntament de Riba-roja.&nbsp;<\/p>\n\n\n\n<p>\tEl alcalde de Riba-roja de T\u00faria, Robert Raga, ha manifestado el car\u00e1cter \u201cconciliador y de uni\u00f3n que representa la fiesta del 9 d\u2019octubre para todos los valencianos, aunque tambi\u00e9n es una jornada de reivindicaci\u00f3n para nuestra Comunitat; en el caso de Riba-roja hemos dado el protagonismo por primera vez en nuestra historia a las entidades festivas, paradigma de la sociedad civil, que se han encargado de trasladar la Reial Senyera\u201d.&nbsp;<\/p>\n\n\n\n<p>\tUna exhibici\u00f3n de galotxa en el carrer Bodeguetes y la actuaci\u00f3n de Pep Gimeno El Botifarra en el Auditorio Municipal de Riba-roja de T\u00faria han puesto el broche de oro a la jornada del 9 d\u2019octubre.&nbsp;<br><\/p>\n","protected":false},"excerpt":{"rendered":"<div class=\"mh-excerpt\">Un concierto de Pep Gimeno pone el broche al d\u00eda de la Comunitat &nbsp; Las entidades festivas han sido hoy las grandes protagonistas en la procesi\u00f3n c\u00edvica con motivo del 9 d\u2019octubre, dia de la <a class=\"mh-excerpt-more\" href=\"https:\/\/www.tucomarca.com\/wordpress\/segunda\/fotogaleria-las-entidades-festivas-portan-la-reial-senyera-en-riba-roja-durante-la-procesion-civica-por-primera-vez-en-la-historia\/\" title=\"Fotogaler\u00eda: Las entidades festivas portan la Reial Senyera en Riba-roja durante la procesi\u00f3n c\u00edvica por primera vez en la historia\">[+] <\/a><\/div>\n","protected":false},"author":12,"featured_media":93496,"comment_status":"open","ping_status":"open","sticky":false,"template":"","format":"standard","meta":{"footnotes":""},"categories":[46,8,72,142,182,3,45],"tags":[8900],"class_list":{"0":"post-93482","1":"post","2":"type-post","3":"status-publish","4":"format-standard","5":"has-post-thumbnail","7":"category-camp-de-turia","8":"category-la-comarca","9":"category-sin-categorizar","10":"category-politica-la-comarca","11":"category-riba-roja","12":"category-seccion","13":"category-ventana","14":"tag-riba-roja-del-turia"},"_links":{"self":[{"href":"https:\/\/www.tucomarca.com\/wordpress\/segunda\/wp-json\/wp\/v2\/posts\/93482","targetHints":{"allow":["GET"]}}],"collection":[{"href":"https:\/\/www.tucomarca.com\/wordpress\/segunda\/wp-json\/wp\/v2\/posts"}],"about":[{"href":"https:\/\/www.tucomarca.com\/wordpress\/segunda\/wp-json\/wp\/v2\/types\/post"}],"author":[{"embeddable":true,"href":"https:\/\/www.tucomarca.com\/wordpress\/segunda\/wp-json\/wp\/v2\/users\/12"}],"replies":[{"embeddable":true,"href":"https:\/\/www.tucomarca.com\/wordpress\/segunda\/wp-json\/wp\/v2\/comments?post=93482"}],"version-history":[{"count":0,"href":"https:\/\/www.tucomarca.com\/wordpress\/segunda\/wp-json\/wp\/v2\/posts\/93482\/revisions"}],"wp:featuredmedia":[{"embeddable":true,"href":"https:\/\/www.tucomarca.com\/wordpress\/segunda\/wp-json\/wp\/v2\/media\/93496"}],"wp:attachment":[{"href":"https:\/\/www.tucomarca.com\/wordpress\/segunda\/wp-json\/wp\/v2\/media?parent=93482"}],"wp:term":[{"taxonomy":"category","embeddable":true,"href":"https:\/\/www.tucomarca.com\/wordpress\/segunda\/wp-json\/wp\/v2\/categories?post=93482"},{"taxonomy":"post_tag","embeddable":true,"href":"https:\/\/www.tucomarca.com\/wordpress\/segunda\/wp-json\/wp\/v2\/tags?post=93482"}],"curies":[{"name":"wp","href":"https:\/\/api.w.org\/{rel}","templated":true}]}}