{"id":94461,"date":"2019-10-23T10:57:13","date_gmt":"2019-10-23T08:57:13","guid":{"rendered":"http:\/\/www.tucomarca.com\/wordpress\/segunda\/?p=94461"},"modified":"2019-10-23T10:57:23","modified_gmt":"2019-10-23T08:57:23","slug":"la-diputacio-insta-a-la-chj-a-invertir-en-la-limpieza-de-barrancos-y-rios-y-avanza-ayudas-contra-la-despoblacion","status":"publish","type":"post","link":"https:\/\/www.tucomarca.com\/wordpress\/segunda\/la-diputacio-insta-a-la-chj-a-invertir-en-la-limpieza-de-barrancos-y-rios-y-avanza-ayudas-contra-la-despoblacion\/","title":{"rendered":"La Diputaci\u00f3 insta a la CHJ a invertir en la limpieza de barrancos y r\u00edos y avanza ayudas contra la despoblaci\u00f3n"},"content":{"rendered":"\n<p>El pleno de octubre de la Diputaci\u00f3 de Val\u00e8ncia ha comenzado, como ya sucediera en septiembre, con el recuerdo de las cinco mujeres asesinadas por sus parejas o ex parejas en este \u00faltimo mes. \u201cDana, \u00c1ngela, Silvia, Evelyn y Elena\u201d, ha enumerado el presidente, Toni Gaspar, antes de insistir en que seguir\u00e1 condenando la violencia machista en cada una de las sesiones plenarias de la corporaci\u00f3n.<\/p>\n\n\n\n<p>La sesi\u00f3n plenaria de octubre tambi\u00e9n ha seguido la l\u00ednea de entendimiento que se dio en el primer pleno de la nueva legislatura, con dos declaraciones institucionales y la aprobaci\u00f3n por unanimidad de sendas propuestas para instar a la Confederaci\u00f3n Hidrogr\u00e1fica del J\u00facar (CHJ) a invertir en la limpieza de cauces de r\u00edos y barrancos, en previsi\u00f3n de nuevos episodios de lluvias; y destinar nuevos recursos a los municipios de las comarcas de interior en la lucha contra la despoblaci\u00f3n.<\/p>\n\n\n\n<p>Empezando por las propuestas, la del diputado popular Avelino Mascarell, reclamando el respaldo provincial a los municipios afectados por la DANA y la petici\u00f3n al Gobierno de valorar futuras acciones para prevenir los efectos de estas lluvias intensas, encontr\u00f3 el apoyo del resto de grupos, as\u00ed como dejar sobre la mesa la propuesta del popular Ximo Segarra sobre la garant\u00eda de los servicios en las comarcas afectadas por la brecha poblacional, en especial el Rinc\u00f3n de Ademuz. El motivo, aceptado por todos los grupos, es elaborar un plan m\u00e1s amplio que d\u00e9 cobertura a todas las comarcas del interior, con el presupuesto en mano de la nueva delegaci\u00f3n de Despoblaci\u00f3n rural que dirige Ramiro Rivera.<\/p>\n\n\n\n<p>Tambi\u00e9n ha sido un\u00e1nime la aprobaci\u00f3n del convenio de colaboraci\u00f3n entre la Diputaci\u00f3 y la Generalitat para el mantenimiento del colegio Luis Fortich, de titularidad provincial, incluso el acuerdo sobre la conveniencia de utilizar drones en zonas agr\u00edcolas para proteger los intereses de los productores, aunque el equipo de gobierno prefiere esperar a la normativa reguladora en la que trabaja el Consell, al tiempo que el presidente recuerda la apuesta de la Diputaci\u00f3 por la autonom\u00eda de alcaldes y alcaldesas a la hora de destinar las subvenciones provinciales a este u otro cometido.<\/p>\n\n\n\n<p><strong>Declaraciones institucionales<\/strong><\/p>\n\n\n\n<p>En el apartado de declaraciones institucionales, le\u00eddas por Toni Gaspar al final del pleno, el primero de los acuerdos se ha dado en materia de carreteras, con el respaldo a los ayuntamientos de la Vall d\u2019Albaida para mejorar carreteras de la comarca, concretamente el desdoblamiento de la CV-60, en el tramo entre Terrateig y l\u2019Olleria, y el refuerzo de la seguridad en la CV-610, desviando el tr\u00e1nsito de las poblaciones que atraviesa. En ambas actuaciones hay implicadas otras administraciones.<\/p>\n\n\n\n<p>Por otro lado, los 6 grupos con representaci\u00f3n en el pleno provincial han firmado una declaraci\u00f3n institucional, a semejanza de la presentada por la Federaci\u00f3n Valenciana de Municipios y Provincias (FVMP), que rechaza los disturbios y actuaciones violentas que se vienen produciendo estos d\u00edas en las calles de municipios de Catalu\u00f1a, as\u00ed como cualquier movimiento que coarte la libertad y atente contra la seguridad de las personas.&nbsp;<\/p>\n\n\n\n<p>En la misma l\u00ednea, el texto apoya a los responsables e instituciones locales, as\u00ed como al Gobierno y las Fuerzas y Cuerpos de Seguridad del Estado que trabajan para garantizar la seguridad de sus vecinos y vecinas, en defensa de la Constituci\u00f3n y la democracia.&nbsp;<\/p>\n\n\n\n<p>En el debate de las distintas mociones tambi\u00e9n hubo diferencias, como el criterio en la concesi\u00f3n de subvenciones a entidades culturales como Escola Valenciana y Acci\u00f3 Cultural. Seg\u00fan la portavoz de Ciudadanos, Roc\u00edo Gil, \u201cpor cuestiones ideol\u00f3gicas\u201d; seg\u00fan el equipo de gobierno, \u201cpor criterios t\u00e9cnicos dentro de una concurrencia competitiva, sin condicionantes ideol\u00f3gicos\u201d. La an\u00e9cdota, esta vez, un receso de 5 minutos que concedi\u00f3 el presidente para que la entente entre los representantes provinciales siga siendo protagonista.&nbsp;<br><\/p>\n","protected":false},"excerpt":{"rendered":"<div class=\"mh-excerpt\">El pleno de octubre de la Diputaci\u00f3 de Val\u00e8ncia ha comenzado, como ya sucediera en septiembre, con el recuerdo de las cinco mujeres asesinadas por sus parejas o ex parejas en este \u00faltimo mes. \u201cDana, <a class=\"mh-excerpt-more\" href=\"https:\/\/www.tucomarca.com\/wordpress\/segunda\/la-diputacio-insta-a-la-chj-a-invertir-en-la-limpieza-de-barrancos-y-rios-y-avanza-ayudas-contra-la-despoblacion\/\" title=\"La Diputaci\u00f3 insta a la CHJ a invertir en la limpieza de barrancos y r\u00edos y avanza ayudas contra la despoblaci\u00f3n\">[+] <\/a><\/div>\n","protected":false},"author":1,"featured_media":94462,"comment_status":"open","ping_status":"open","sticky":false,"template":"","format":"standard","meta":{"footnotes":""},"categories":[128,8,72,142,3,45],"tags":[3677],"class_list":{"0":"post-94461","1":"post","2":"type-post","3":"status-publish","4":"format-standard","5":"has-post-thumbnail","7":"category-infraestructuras","8":"category-la-comarca","9":"category-sin-categorizar","10":"category-politica-la-comarca","11":"category-seccion","12":"category-ventana","13":"tag-diputacio-de-valencia"},"_links":{"self":[{"href":"https:\/\/www.tucomarca.com\/wordpress\/segunda\/wp-json\/wp\/v2\/posts\/94461","targetHints":{"allow":["GET"]}}],"collection":[{"href":"https:\/\/www.tucomarca.com\/wordpress\/segunda\/wp-json\/wp\/v2\/posts"}],"about":[{"href":"https:\/\/www.tucomarca.com\/wordpress\/segunda\/wp-json\/wp\/v2\/types\/post"}],"author":[{"embeddable":true,"href":"https:\/\/www.tucomarca.com\/wordpress\/segunda\/wp-json\/wp\/v2\/users\/1"}],"replies":[{"embeddable":true,"href":"https:\/\/www.tucomarca.com\/wordpress\/segunda\/wp-json\/wp\/v2\/comments?post=94461"}],"version-history":[{"count":0,"href":"https:\/\/www.tucomarca.com\/wordpress\/segunda\/wp-json\/wp\/v2\/posts\/94461\/revisions"}],"wp:featuredmedia":[{"embeddable":true,"href":"https:\/\/www.tucomarca.com\/wordpress\/segunda\/wp-json\/wp\/v2\/media\/94462"}],"wp:attachment":[{"href":"https:\/\/www.tucomarca.com\/wordpress\/segunda\/wp-json\/wp\/v2\/media?parent=94461"}],"wp:term":[{"taxonomy":"category","embeddable":true,"href":"https:\/\/www.tucomarca.com\/wordpress\/segunda\/wp-json\/wp\/v2\/categories?post=94461"},{"taxonomy":"post_tag","embeddable":true,"href":"https:\/\/www.tucomarca.com\/wordpress\/segunda\/wp-json\/wp\/v2\/tags?post=94461"}],"curies":[{"name":"wp","href":"https:\/\/api.w.org\/{rel}","templated":true}]}}