{"id":94575,"date":"2019-10-25T12:37:16","date_gmt":"2019-10-25T10:37:16","guid":{"rendered":"http:\/\/www.tucomarca.com\/wordpress\/segunda\/?p=94575"},"modified":"2019-10-25T12:37:26","modified_gmt":"2019-10-25T10:37:26","slug":"opinion-robert-raga-un-nuevo-impulso-para-el-consorcio-valencia-interior","status":"publish","type":"post","link":"https:\/\/www.tucomarca.com\/wordpress\/segunda\/opinion-robert-raga-un-nuevo-impulso-para-el-consorcio-valencia-interior\/","title":{"rendered":"Opini\u00f3n, Robert Raga: Un nuevo impulso para el Consorcio Val\u00e8ncia Interior"},"content":{"rendered":"\n<p>La asamblea del Consorcio Val\u00e8ncia Interior (CVI) ha decidido elegirme como nuevo presidente de este ente p\u00fablico en sustituci\u00f3n de Manuel Civera, quien ha ejercido el cargo durante los \u00faltimos cuatro a\u00f1os. Para m\u00ed, supone una responsabilidad enorme y al mismo tiempo un reto ilusionante la decisi\u00f3n de los miembros del Consorcio de elegirme para desempe\u00f1ar este cargo que compatibilizar\u00e9 con total garant\u00eda con el de alcalde de Riba-roja de T\u00faria. El Consorcio Val\u00e8ncia Interior es uno de los organismos que durante los \u00faltimos tiempos ha experimentado un mayor auge en nuestra comarca, aunque al mismo tiempo contin\u00faa estigmatizado para algunos sectores de nuestra sociedad. Sin embargo, cabe reconocer que las elecciones de mayo de 2015 supusieron un punto de inflexi\u00f3n en la gesti\u00f3n del Consorcio que aglutina a 61 municipios de cinco comarcas. De un periodo de pol\u00e9micas, opacidad y problemas, se pas\u00f3 a otra etapa en la que la transparencia y la eficiencia fueron sus se\u00f1as de identidad. De la indiferencia m\u00e1s absoluta a una presencia global en la sociedad bajo un prisma eficaz en la gesti\u00f3n y m\u00e1s asertivo por parte de las familias. En total, cerca de 250.000 habitantes de estas zonas son los beneficiarios principales del CVI cuya labor es esencial en el tratamiento y reciclaje de los residuos s\u00f3lidos urbanos.&nbsp;<\/p>\n\n\n\n<p>\tConstituido en 2008, la m\u00e1s de una d\u00e9cada de funcionamiento que lleva el Consorcio Val\u00e8ncia Interior a sus espaldas es la historia de un organismo que afronta en estos momentos una de las labores m\u00e1s extraordinarias a la que nos enfrentamos: liderar las pol\u00edticas ambientales frente al cambio clim\u00e1tico desde una posici\u00f3n racional junto a todos los ayuntamientos. El trayecto no es f\u00e1cil, pero tenemos ante nosotros un reto de enorme trascendencia para el futuro de nuestros hijos. Entre todos debemos ser lo suficientemente conscientes de que es un trabajo conjunto entre la administraci\u00f3n \u2013el CVI y los ayuntamientos- y las familias. Si alguna de estas patas falla entonces el reto ser\u00e1 m\u00e1s dif\u00edcil de conseguir.&nbsp;<\/p>\n\n\n\n<p>\tDurante los \u00faltimos cuatro a\u00f1os, Manuel Civera, alcalde de Ll\u00edria y compa\u00f1ero de partido, ha realizado una labor ingente y magn\u00edfica. Su presencia al frente del consorcio ha sido encomiable. Ha tenido la paciencia, la dedicaci\u00f3n y los conocimientos suficientes para colocar a este organismo en el lugar que le corresponde. La importancia del CVI es cada vez mayor, no solo por su funci\u00f3n sobre el medio ambiente sino sobre todo porque los ciudadanos son m\u00e1s conscientes de que es necesario contaminar menos y aplicar, con decisi\u00f3n, pol\u00edticas basadas en la econom\u00eda circular. En la medida en la que entre todos seamos capaces de articular proyectos e iniciativas que redunden sobre nuestro entorno, m\u00e1s cerca estaremos de conseguir nuestro objetivo.&nbsp;<\/p>\n\n\n\n<p>\tDirigir un ayuntamiento del tama\u00f1o y de la importancia de Riba-roja durante los \u00faltimos cuatro a\u00f1os me ha servido para descubrir con mayor conocimiento de causa todas las inquietudes, las demandas y las necesidades de los vecinos de un municipio que me servir\u00e1n para dirigir los destinos de este nuevo proyecto. Durante este periodo, Riba-roja se ha distinguido en el \u00e1mbito valenciano, espa\u00f1ol y europeo como ejemplo pionero por aplicar criterios ambientales en toda su gesti\u00f3n. S\u00f3lo en el \u00faltimo a\u00f1o hemos reducido en 3.300 toneladas las emisiones de di\u00f3xido de carbono, apostamos por el uso de veh\u00edculos h\u00edbridos y el\u00e9ctricos y hemos dise\u00f1ado un anillo peatonal y ciclista de primera magnitud. Tambi\u00e9n hemos obtenido una subvenci\u00f3n de 4 millones de euros, junto con Paterna, para prevenir incendios en el Parc del T\u00faria y la Vallesa con aguas residuales reutilizadas. Proyectos e iniciativas que redundan en el bienestar ciudadano. &nbsp;<\/p>\n\n\n\n<p>\tPor todo ello, es momento de continuar con las reformas emprendidas en los \u00faltimos tiempos en el CVI y ahondar con mayor ah\u00ednco si cabe en las mejoras de la recogida de los residuos selectivos \u2013en especial el papel, cart\u00f3n, pl\u00e1sticos y envases ligeros- y en una reducci\u00f3n en los costes econ\u00f3micos en la gesti\u00f3n de este organismo.&nbsp;<\/p>\n\n\n\n<p><strong><em>Robert Raga Gadea, alcalde de l&#8217;Ajuntament de Riba-roja de T\u00faria y presidente&nbsp; del Consorcio Val\u00e8ncia Interior (CVI).&nbsp;<\/em><\/strong><\/p>\n","protected":false},"excerpt":{"rendered":"<div class=\"mh-excerpt\">La asamblea del Consorcio Val\u00e8ncia Interior (CVI) ha decidido elegirme como nuevo presidente de este ente p\u00fablico en sustituci\u00f3n de Manuel Civera, quien ha ejercido el cargo durante los \u00faltimos cuatro a\u00f1os. Para m\u00ed, supone <a class=\"mh-excerpt-more\" href=\"https:\/\/www.tucomarca.com\/wordpress\/segunda\/opinion-robert-raga-un-nuevo-impulso-para-el-consorcio-valencia-interior\/\" title=\"Opini\u00f3n, Robert Raga: Un nuevo impulso para el Consorcio Val\u00e8ncia Interior\">[+] <\/a><\/div>\n","protected":false},"author":1,"featured_media":94576,"comment_status":"open","ping_status":"open","sticky":false,"template":"","format":"standard","meta":{"footnotes":""},"categories":[46,128,8,117,30,142,182,3],"tags":[417,10220,8900],"class_list":{"0":"post-94575","1":"post","2":"type-post","3":"status-publish","4":"format-standard","5":"has-post-thumbnail","7":"category-camp-de-turia","8":"category-infraestructuras","9":"category-la-comarca","10":"category-medio-ambiente-la-comarca","11":"category-opinion","12":"category-politica-la-comarca","13":"category-riba-roja","14":"category-seccion","15":"tag-consorcio-valencia-interior","16":"tag-cvi","17":"tag-riba-roja-del-turia"},"_links":{"self":[{"href":"https:\/\/www.tucomarca.com\/wordpress\/segunda\/wp-json\/wp\/v2\/posts\/94575","targetHints":{"allow":["GET"]}}],"collection":[{"href":"https:\/\/www.tucomarca.com\/wordpress\/segunda\/wp-json\/wp\/v2\/posts"}],"about":[{"href":"https:\/\/www.tucomarca.com\/wordpress\/segunda\/wp-json\/wp\/v2\/types\/post"}],"author":[{"embeddable":true,"href":"https:\/\/www.tucomarca.com\/wordpress\/segunda\/wp-json\/wp\/v2\/users\/1"}],"replies":[{"embeddable":true,"href":"https:\/\/www.tucomarca.com\/wordpress\/segunda\/wp-json\/wp\/v2\/comments?post=94575"}],"version-history":[{"count":0,"href":"https:\/\/www.tucomarca.com\/wordpress\/segunda\/wp-json\/wp\/v2\/posts\/94575\/revisions"}],"wp:featuredmedia":[{"embeddable":true,"href":"https:\/\/www.tucomarca.com\/wordpress\/segunda\/wp-json\/wp\/v2\/media\/94576"}],"wp:attachment":[{"href":"https:\/\/www.tucomarca.com\/wordpress\/segunda\/wp-json\/wp\/v2\/media?parent=94575"}],"wp:term":[{"taxonomy":"category","embeddable":true,"href":"https:\/\/www.tucomarca.com\/wordpress\/segunda\/wp-json\/wp\/v2\/categories?post=94575"},{"taxonomy":"post_tag","embeddable":true,"href":"https:\/\/www.tucomarca.com\/wordpress\/segunda\/wp-json\/wp\/v2\/tags?post=94575"}],"curies":[{"name":"wp","href":"https:\/\/api.w.org\/{rel}","templated":true}]}}