{"id":94588,"date":"2019-10-25T11:49:18","date_gmt":"2019-10-25T09:49:18","guid":{"rendered":"http:\/\/www.tucomarca.com\/wordpress\/segunda\/?p=94588"},"modified":"2019-10-25T11:50:26","modified_gmt":"2019-10-25T09:50:26","slug":"hector-illueca-ester-roca-pilar-lima-y-nahuel-gonzalez-participan-en-el-acto-de-precampana-de-unidas-podemos-en-utiel-requena","status":"publish","type":"post","link":"https:\/\/www.tucomarca.com\/wordpress\/segunda\/hector-illueca-ester-roca-pilar-lima-y-nahuel-gonzalez-participan-en-el-acto-de-precampana-de-unidas-podemos-en-utiel-requena\/","title":{"rendered":"H\u00e9ctor Illueca, Ester Roca, Pilar Lima y Nahuel Gonz\u00e1lez participan en el acto de precampa\u00f1a de Unidas Podemos en Utiel-Requena"},"content":{"rendered":"\n<p>Los grupos municipales de Podemos y EUPV Utiel-Requena han invitado a los vecinos y vecinas al acto de precampa\u00f1a conjunto para las elecciones generales del 10 de noviembre, a la que acudir\u00e1n H\u00e9ctor Illueca y Ester Roca, candidatos al Congreso, Pilar Lima, diputada en Les Corts, y Nahuel Gonz\u00e1lez, concejal en Gand\u00eda.<\/p>\n\n\n\n<p>La cita tendr\u00e1 lugar este domingo, 27 de octubre de 2019, en el Sal\u00f3n de Actos del Espacio Cultural Feliciano Antonio Yeves (Avda. Arrabal, n\u00ba9, Requena), a las 19,00 horas.&nbsp;<\/p>\n\n\n\n<p>La formaci\u00f3n ha asegurado afrontar la campa\u00f1a \u201ccon fuerzas renovadas\u201d y piden \u201cuna sola oportunidad para gobernar\u201d. En palabras de los secretarios generales de Unidas Podemos Utiel-Requena, Carlos Alarte y Ana Mart\u00edn, \u201cpediremos que nos den una sola legislatura para cambiar algunas cosas: el salario m\u00ednimo, la temporalidad de los contratos, las pensiones, o el mercado de la vivienda\u201d.<\/p>\n\n\n\n<p>Los portavoces han asegurado que Unidas Podemos sigue siendo la \u201c\u00fanica opci\u00f3n viable para formar un Gobierno realmente progresista y de izquierdas\u201d, a pesar de la frustraci\u00f3n que supuso el bloqueo por parte de Pedro S\u00e1nchez de las negociaciones para formar un gobierno de coalici\u00f3n. \u201cVet\u00f3 a Pablo Iglesias y lleg\u00f3 a decir que \u2018no dormir\u00eda tranquilo con Podemos en el gobierno\u2019\u201d, han destacado.<\/p>\n","protected":false},"excerpt":{"rendered":"<div class=\"mh-excerpt\">Los grupos municipales de Podemos y EUPV Utiel-Requena han invitado a los vecinos y vecinas al acto de precampa\u00f1a conjunto para las elecciones generales del 10 de noviembre, a la que acudir\u00e1n H\u00e9ctor Illueca y <a class=\"mh-excerpt-more\" href=\"https:\/\/www.tucomarca.com\/wordpress\/segunda\/hector-illueca-ester-roca-pilar-lima-y-nahuel-gonzalez-participan-en-el-acto-de-precampana-de-unidas-podemos-en-utiel-requena\/\" title=\"H\u00e9ctor Illueca, Ester Roca, Pilar Lima y Nahuel Gonz\u00e1lez participan en el acto de precampa\u00f1a de Unidas Podemos en Utiel-Requena\">[+] <\/a><\/div>\n","protected":false},"author":1,"featured_media":94589,"comment_status":"open","ping_status":"open","sticky":false,"template":"","format":"standard","meta":{"footnotes":""},"categories":[4,8,142,28,27,3,29],"tags":[10387],"class_list":{"0":"post-94588","1":"post","2":"type-post","3":"status-publish","4":"format-standard","5":"has-post-thumbnail","7":"category-agenda","8":"category-la-comarca","9":"category-politica-la-comarca","10":"category-requena","11":"category-requena-utiel","12":"category-seccion","13":"category-utiel","14":"tag-requena-utiel"},"_links":{"self":[{"href":"https:\/\/www.tucomarca.com\/wordpress\/segunda\/wp-json\/wp\/v2\/posts\/94588","targetHints":{"allow":["GET"]}}],"collection":[{"href":"https:\/\/www.tucomarca.com\/wordpress\/segunda\/wp-json\/wp\/v2\/posts"}],"about":[{"href":"https:\/\/www.tucomarca.com\/wordpress\/segunda\/wp-json\/wp\/v2\/types\/post"}],"author":[{"embeddable":true,"href":"https:\/\/www.tucomarca.com\/wordpress\/segunda\/wp-json\/wp\/v2\/users\/1"}],"replies":[{"embeddable":true,"href":"https:\/\/www.tucomarca.com\/wordpress\/segunda\/wp-json\/wp\/v2\/comments?post=94588"}],"version-history":[{"count":0,"href":"https:\/\/www.tucomarca.com\/wordpress\/segunda\/wp-json\/wp\/v2\/posts\/94588\/revisions"}],"wp:featuredmedia":[{"embeddable":true,"href":"https:\/\/www.tucomarca.com\/wordpress\/segunda\/wp-json\/wp\/v2\/media\/94589"}],"wp:attachment":[{"href":"https:\/\/www.tucomarca.com\/wordpress\/segunda\/wp-json\/wp\/v2\/media?parent=94588"}],"wp:term":[{"taxonomy":"category","embeddable":true,"href":"https:\/\/www.tucomarca.com\/wordpress\/segunda\/wp-json\/wp\/v2\/categories?post=94588"},{"taxonomy":"post_tag","embeddable":true,"href":"https:\/\/www.tucomarca.com\/wordpress\/segunda\/wp-json\/wp\/v2\/tags?post=94588"}],"curies":[{"name":"wp","href":"https:\/\/api.w.org\/{rel}","templated":true}]}}