{"id":94599,"date":"2019-10-25T12:04:41","date_gmt":"2019-10-25T10:04:41","guid":{"rendered":"http:\/\/www.tucomarca.com\/wordpress\/segunda\/?p=94599"},"modified":"2019-10-25T12:04:50","modified_gmt":"2019-10-25T10:04:50","slug":"el-ayuntamiento-de-cheste-contrata-personal-a-traves-de-los-programas-empuju-y-emcuju","status":"publish","type":"post","link":"https:\/\/www.tucomarca.com\/wordpress\/segunda\/el-ayuntamiento-de-cheste-contrata-personal-a-traves-de-los-programas-empuju-y-emcuju\/","title":{"rendered":"El Ayuntamiento de Cheste contrata personal a trav\u00e9s de los programas EMPUJU y EMCUJU"},"content":{"rendered":"\n<p>Desde hoy el Ayuntamiento de Cheste<strong><em>&nbsp;<\/em><\/strong>contar\u00e1 con cinco personas contratadas a trav\u00e9s de los programas EMPUJU y EMCUJU del Plan Avalem Joves, que trabajar\u00e1n en las dependencias municipales desempe\u00f1ando tareas en las \u00e1reas de gesti\u00f3n cultural, urbanismo, medio ambiente, servicios, secretar\u00eda y recepci\u00f3n. Estos dos programas ofrecen ayudas para la contrataci\u00f3n de personas menores de 30 a\u00f1os que est\u00e9n inscritas en el Fondo de Garant\u00eda Juvenil del Plan Avalem Joves en entidades locales.&nbsp;<br class=\"\">EMCUJU, por una parte, pretende fomentar la ocupaci\u00f3n para la contrataci\u00f3n de personas j\u00f3venes cualificadas. A trav\u00e9s de esta iniciativa, mediante la subvenci\u00f3n de 51.595,60 euros, el Ayuntamiento ha contratado, con dedicaci\u00f3n a jornada completa durante un a\u00f1o, a una persona graduada en Comunicaci\u00f3n Audiovisual, a un ingeniero forestal y a un graduado en Derecho.<br class=\"\">Por otra parte, el programa EMPUJU, que fomenta la contrataci\u00f3n de personas j\u00f3venes no cualificadas, subvenciona al Ayuntamiento con 37.732,16 euros que se han destinado a la contrataci\u00f3n de dos t\u00e9cnicos de administraci\u00f3n, con dedicaci\u00f3n a jornada completa durante un a\u00f1o.<br class=\"\">Adem\u00e1s, a trav\u00e9s del programa EMCORP de subvenciones destinadas a la contrataci\u00f3n de personas desempleadas de al menos 30 a\u00f1os de edad, en colaboraci\u00f3n con las corporaciones locales, con una ayuda de 25.499,34 euros, se han contratado dos peones a jornada completa durante seis meses, que formar\u00e1n parte de la brigada municipal.&nbsp;<br class=\"\">\u201cEste a\u00f1o hemos tenido una bajada de desempleo en Cheste, con 424 personas desempleadas a fecha de 31 de septiembre; una cifra que nos posiciona dentro del desempleo estructural, ya que en los a\u00f1os de boom econ\u00f3mico no se baj\u00f3 de las 340 personas desempleadas. A pesar de esto desde la concejal\u00eda de Empleo continuamos trabajando para reducir el desempleo y para continuar disminuyendo el paro estructural, por ello, en breve comenzaremos la formaci\u00f3n en funci\u00f3n de la demanda que vaya teniendo Lidl a corto y medio plazo, con la finalidad de favorecer la contrataci\u00f3n de chestanos y chestanas en su nueva planta\u201d, ha declarado el concejal de Empleo, Jos\u00e9 Vicente Guijarro.<\/p>\n","protected":false},"excerpt":{"rendered":"<div class=\"mh-excerpt\">Desde hoy el Ayuntamiento de Cheste&nbsp;contar\u00e1 con cinco personas contratadas a trav\u00e9s de los programas EMPUJU y EMCUJU del Plan Avalem Joves, que trabajar\u00e1n en las dependencias municipales desempe\u00f1ando tareas en las \u00e1reas de gesti\u00f3n <a class=\"mh-excerpt-more\" href=\"https:\/\/www.tucomarca.com\/wordpress\/segunda\/el-ayuntamiento-de-cheste-contrata-personal-a-traves-de-los-programas-empuju-y-emcuju\/\" title=\"El Ayuntamiento de Cheste contrata personal a trav\u00e9s de los programas EMPUJU y EMCUJU\">[+] <\/a><\/div>\n","protected":false},"author":1,"featured_media":62696,"comment_status":"open","ping_status":"open","sticky":false,"template":"","format":"standard","meta":{"footnotes":""},"categories":[17,128,8,10,142,3],"tags":[339,11109],"class_list":{"0":"post-94599","1":"post","2":"type-post","3":"status-publish","4":"format-standard","5":"has-post-thumbnail","7":"category-cheste","8":"category-infraestructuras","9":"category-la-comarca","10":"category-la-hoya","11":"category-politica-la-comarca","12":"category-seccion","13":"tag-cheste-2","14":"tag-xest"},"_links":{"self":[{"href":"https:\/\/www.tucomarca.com\/wordpress\/segunda\/wp-json\/wp\/v2\/posts\/94599","targetHints":{"allow":["GET"]}}],"collection":[{"href":"https:\/\/www.tucomarca.com\/wordpress\/segunda\/wp-json\/wp\/v2\/posts"}],"about":[{"href":"https:\/\/www.tucomarca.com\/wordpress\/segunda\/wp-json\/wp\/v2\/types\/post"}],"author":[{"embeddable":true,"href":"https:\/\/www.tucomarca.com\/wordpress\/segunda\/wp-json\/wp\/v2\/users\/1"}],"replies":[{"embeddable":true,"href":"https:\/\/www.tucomarca.com\/wordpress\/segunda\/wp-json\/wp\/v2\/comments?post=94599"}],"version-history":[{"count":0,"href":"https:\/\/www.tucomarca.com\/wordpress\/segunda\/wp-json\/wp\/v2\/posts\/94599\/revisions"}],"wp:featuredmedia":[{"embeddable":true,"href":"https:\/\/www.tucomarca.com\/wordpress\/segunda\/wp-json\/wp\/v2\/media\/62696"}],"wp:attachment":[{"href":"https:\/\/www.tucomarca.com\/wordpress\/segunda\/wp-json\/wp\/v2\/media?parent=94599"}],"wp:term":[{"taxonomy":"category","embeddable":true,"href":"https:\/\/www.tucomarca.com\/wordpress\/segunda\/wp-json\/wp\/v2\/categories?post=94599"},{"taxonomy":"post_tag","embeddable":true,"href":"https:\/\/www.tucomarca.com\/wordpress\/segunda\/wp-json\/wp\/v2\/tags?post=94599"}],"curies":[{"name":"wp","href":"https:\/\/api.w.org\/{rel}","templated":true}]}}