{"id":94629,"date":"2019-10-28T10:59:05","date_gmt":"2019-10-28T08:59:05","guid":{"rendered":"http:\/\/www.tucomarca.com\/wordpress\/segunda\/?p=94629"},"modified":"2019-10-28T11:12:22","modified_gmt":"2019-10-28T09:12:22","slug":"la-actuacion-del-ateneu-musical-de-cullera-la-artistica-de-bunol-y-la-unio-musical-de-lliria-cierran-el-ciclo-a-tres-bandes","status":"publish","type":"post","link":"https:\/\/www.tucomarca.com\/wordpress\/segunda\/la-actuacion-del-ateneu-musical-de-cullera-la-artistica-de-bunol-y-la-unio-musical-de-lliria-cierran-el-ciclo-a-tres-bandes\/","title":{"rendered":"La actuaci\u00f3n del Ateneu Musical de Cullera, \u00abLa Art\u00edstica\u00bb de Bu\u00f1ol y la Uni\u00f3 Musical de Ll\u00edria cierran el ciclo \u00abA tres bandes\u00bb"},"content":{"rendered":"\n<p>La localidad de Ll\u00edria volvi\u00f3 a ofrecer ha sido la encargada de acoger el \u00faltimo de los conciertos del ciclo \u00abA tres bandes\u00bb, organizado por las dos formaciones musicales de las localidades de Bu\u00f1ol, Cullera Ll\u00edria.<\/p>\n\n\n\n<figure class=\"wp-block-image\"><img loading=\"lazy\" decoding=\"async\" width=\"1024\" height=\"683\" src=\"https:\/\/www.tucomarca.com\/wordpress\/segunda\/wp-content\/uploads\/2019\/10\/LliriaArtisticaBunol-1024x683.jpg\" alt=\"La banda de \u00abLa Art\u00edstica\u00bb de Bu\u00f1ol en el escenario de Ll\u00edria.\" class=\"wp-image-94639\" srcset=\"https:\/\/www.tucomarca.com\/wordpress\/segunda\/wp-content\/uploads\/2019\/10\/LliriaArtisticaBunol-1024x683.jpg 1024w, https:\/\/www.tucomarca.com\/wordpress\/segunda\/wp-content\/uploads\/2019\/10\/LliriaArtisticaBunol-300x200.jpg 300w, https:\/\/www.tucomarca.com\/wordpress\/segunda\/wp-content\/uploads\/2019\/10\/LliriaArtisticaBunol-768x512.jpg 768w, https:\/\/www.tucomarca.com\/wordpress\/segunda\/wp-content\/uploads\/2019\/10\/LliriaArtisticaBunol.jpg 1200w\" sizes=\"auto, (max-width: 1024px) 100vw, 1024px\" \/><figcaption>La banda de \u00abLa Art\u00edstica\u00bb de Bu\u00f1ol en el escenario de Ll\u00edria. <\/figcaption><\/figure>\n\n\n\n<p>Este \u00faltimo concierto estuvo protagonizado por La Uni\u00f3 Musical de Ll\u00edria, dirigida por Pablo Marqu\u00e9s, por \u00abLa Art\u00edstica\u00bb de Bu\u00f1ol, bajo la batuta de Mario Ortu\u00f1o; y por el Ateneu Musical de Cullera, con la direcci\u00f3n de Ferrer Ferran, quienes ofrecieron su m\u00fasica en el teatro de la Uni\u00f3.&nbsp;<\/p>\n\n\n\n<figure class=\"wp-block-image\"><img loading=\"lazy\" decoding=\"async\" width=\"1024\" height=\"683\" src=\"https:\/\/www.tucomarca.com\/wordpress\/segunda\/wp-content\/uploads\/2019\/10\/LliriaAteneuCullera-1024x683.jpg\" alt=\"Actuaci\u00f3n a cargo de la banda del Ateneo de Cullera.\" class=\"wp-image-94641\" srcset=\"https:\/\/www.tucomarca.com\/wordpress\/segunda\/wp-content\/uploads\/2019\/10\/LliriaAteneuCullera-1024x683.jpg 1024w, https:\/\/www.tucomarca.com\/wordpress\/segunda\/wp-content\/uploads\/2019\/10\/LliriaAteneuCullera-300x200.jpg 300w, https:\/\/www.tucomarca.com\/wordpress\/segunda\/wp-content\/uploads\/2019\/10\/LliriaAteneuCullera-768x512.jpg 768w, https:\/\/www.tucomarca.com\/wordpress\/segunda\/wp-content\/uploads\/2019\/10\/LliriaAteneuCullera.jpg 1200w\" sizes=\"auto, (max-width: 1024px) 100vw, 1024px\" \/><figcaption>Actuaci\u00f3n a cargo de la banda del Ateneo de Cullera.<\/figcaption><\/figure>\n\n\n\n<p>Este concierto sirvi\u00f3 de clausura oficial al ciclo \u201cA tres bandes\u201d impulsado por la Asociaci\u00f3n Musical Bu\u00f1ol-Cullera-Ll\u00edria, que tambi\u00e9n integran \u00abLa Primitiva\u00bb de Ll\u00edria, Santa Cecilia de Cullera y \u00abLa Arm\u00f3nica\u00bb de Bu\u00f1ol.&nbsp; El acto cont\u00f3 con la presencia de los alcaldes y alcaldesa de sus respectivos municipios, el de Ll\u00edria, Manolo Civera; la de Bu\u00f1ol, Juncal Carrascosa; y el de Cullera y tambi\u00e9n diputado provincial de Bandas de M\u00fasica, Jordi Mayor.<\/p>\n\n\n\n<figure class=\"wp-block-image\"><img loading=\"lazy\" decoding=\"async\" width=\"1024\" height=\"683\" src=\"https:\/\/www.tucomarca.com\/wordpress\/segunda\/wp-content\/uploads\/2019\/10\/LliriaAlcaldes-1024x683.jpg\" alt=\"Alcaldes y alcaldesas presentes en el concierto.\" class=\"wp-image-94643\" srcset=\"https:\/\/www.tucomarca.com\/wordpress\/segunda\/wp-content\/uploads\/2019\/10\/LliriaAlcaldes-1024x683.jpg 1024w, https:\/\/www.tucomarca.com\/wordpress\/segunda\/wp-content\/uploads\/2019\/10\/LliriaAlcaldes-300x200.jpg 300w, https:\/\/www.tucomarca.com\/wordpress\/segunda\/wp-content\/uploads\/2019\/10\/LliriaAlcaldes-768x512.jpg 768w, https:\/\/www.tucomarca.com\/wordpress\/segunda\/wp-content\/uploads\/2019\/10\/LliriaAlcaldes.jpg 1200w\" sizes=\"auto, (max-width: 1024px) 100vw, 1024px\" \/><figcaption>Alcaldes y alcaldesas presentes en el concierto.<\/figcaption><\/figure>\n\n\n\n<p>La aAsociaci\u00f3n Musical Bu\u00f1ol-Cullera-Ll\u00edria, que re\u00fane a estas seis prestigiosas bandas valencianas, se constituy\u00f3 en 2017 y ese mismo a\u00f1o inici\u00f3 en Cullera una gira de seis conciertos en las tres localidades. Su objetivo es promover grandes actividades musicales, como la banda joven de la asociaci\u00f3n, compuesta por m\u00fasicos menores de 25 a\u00f1os de las seis sociedades, que realizaron una gira por Holanda en julio de 2017.&nbsp; Y ya est\u00e1n preparando nuevos proyectos que potencien el gran valor de la m\u00fasica de banda en la Comunitat Valenciana.<\/p>\n","protected":false},"excerpt":{"rendered":"<div class=\"mh-excerpt\">La localidad de Ll\u00edria volvi\u00f3 a ofrecer ha sido la encargada de acoger el \u00faltimo de los conciertos del ciclo \u00abA tres bandes\u00bb, organizado por las dos formaciones musicales de las localidades de Bu\u00f1ol, Cullera <a class=\"mh-excerpt-more\" href=\"https:\/\/www.tucomarca.com\/wordpress\/segunda\/la-actuacion-del-ateneu-musical-de-cullera-la-artistica-de-bunol-y-la-unio-musical-de-lliria-cierran-el-ciclo-a-tres-bandes\/\" title=\"La actuaci\u00f3n del Ateneu Musical de Cullera, \u00abLa Art\u00edstica\u00bb de Bu\u00f1ol y la Uni\u00f3 Musical de Ll\u00edria cierran el ciclo \u00abA tres bandes\u00bb\">[+] <\/a><\/div>\n","protected":false},"author":1,"featured_media":94630,"comment_status":"open","ping_status":"open","sticky":false,"template":"","format":"standard","meta":{"footnotes":""},"categories":[18,46,66,72,10,47,7,3,45],"tags":[10401],"class_list":{"0":"post-94629","1":"post","2":"type-post","3":"status-publish","4":"format-standard","5":"has-post-thumbnail","7":"category-bunol","8":"category-camp-de-turia","9":"category-musica","10":"category-sin-categorizar","11":"category-la-hoya","12":"category-lliria","13":"category-ocio-y-cultura","14":"category-seccion","15":"category-ventana","16":"tag-musica"},"_links":{"self":[{"href":"https:\/\/www.tucomarca.com\/wordpress\/segunda\/wp-json\/wp\/v2\/posts\/94629","targetHints":{"allow":["GET"]}}],"collection":[{"href":"https:\/\/www.tucomarca.com\/wordpress\/segunda\/wp-json\/wp\/v2\/posts"}],"about":[{"href":"https:\/\/www.tucomarca.com\/wordpress\/segunda\/wp-json\/wp\/v2\/types\/post"}],"author":[{"embeddable":true,"href":"https:\/\/www.tucomarca.com\/wordpress\/segunda\/wp-json\/wp\/v2\/users\/1"}],"replies":[{"embeddable":true,"href":"https:\/\/www.tucomarca.com\/wordpress\/segunda\/wp-json\/wp\/v2\/comments?post=94629"}],"version-history":[{"count":0,"href":"https:\/\/www.tucomarca.com\/wordpress\/segunda\/wp-json\/wp\/v2\/posts\/94629\/revisions"}],"wp:featuredmedia":[{"embeddable":true,"href":"https:\/\/www.tucomarca.com\/wordpress\/segunda\/wp-json\/wp\/v2\/media\/94630"}],"wp:attachment":[{"href":"https:\/\/www.tucomarca.com\/wordpress\/segunda\/wp-json\/wp\/v2\/media?parent=94629"}],"wp:term":[{"taxonomy":"category","embeddable":true,"href":"https:\/\/www.tucomarca.com\/wordpress\/segunda\/wp-json\/wp\/v2\/categories?post=94629"},{"taxonomy":"post_tag","embeddable":true,"href":"https:\/\/www.tucomarca.com\/wordpress\/segunda\/wp-json\/wp\/v2\/tags?post=94629"}],"curies":[{"name":"wp","href":"https:\/\/api.w.org\/{rel}","templated":true}]}}