{"id":94693,"date":"2019-10-28T20:24:21","date_gmt":"2019-10-28T18:24:21","guid":{"rendered":"http:\/\/www.tucomarca.com\/wordpress\/segunda\/?p=94693"},"modified":"2019-10-28T20:24:30","modified_gmt":"2019-10-28T18:24:30","slug":"ximo-puig-anuncia-que-la-generalitat-asumira-la-via-pecuaria-del-cordel-de-la-garrofera-para-que-sea-una-carretera-autonomica","status":"publish","type":"post","link":"https:\/\/www.tucomarca.com\/wordpress\/segunda\/ximo-puig-anuncia-que-la-generalitat-asumira-la-via-pecuaria-del-cordel-de-la-garrofera-para-que-sea-una-carretera-autonomica\/","title":{"rendered":"Ximo Puig anuncia que la Generalitat asumir\u00e1 la v\u00eda pecuaria del Cordel de la Garrofera para que sea una carretera auton\u00f3mica"},"content":{"rendered":"\n<p>El president de la Generalitat, Ximo Puig, ha anunciado que la Generalitat asumir\u00e1 la v\u00eda pecuaria del Cordel de la Garrofera, situado entre Olocau y Marines, con el objetivo de ampliar y mejorar esta carretera.<\/p>\n\n\n\n<p>As\u00ed lo ha explicado el titular del Consell, tras firmar un protocolo de colaboraci\u00f3n entre la Generalitat, la Diputaci\u00f3n de Valencia y los Ayuntamientos de Marines y Olocau para la regularizaci\u00f3n de esta v\u00eda protegida.<\/p>\n\n\n\n<p>Con la firma de este protocolo, ha explicado el president, se inicia el proceso para que \u00abdentro de unos meses\u00bb est\u00e9 en marcha el proyecto para convertir esta v\u00eda de 4 metros de ancho por la que circulan veh\u00edculos pesados, \u00aben una carretera normal\u00bb.&nbsp;<\/p>\n\n\n\n<p>\u00abEsta es una vereda que tiene unas connotaciones determinadas de un tiempo que ya pas\u00f3 en el que la trashumancia y otro tipo de vida vinculada a la ganader\u00eda era fundamental\u00bb, ha afirmado el president.<\/p>\n\n\n\n<p>As\u00ed, el jefe del Consell ha explicado que se deslindar\u00e1 el camino para que \u00abdeje de ser una v\u00eda pecuaria\u00bb al ser en la actualidad \u00abuna carretera por la que pasan miles de veh\u00edculos cada d\u00eda\u00bb y en la que se han producido varios accidentes graves en las \u00faltimas d\u00e9cadas, as\u00ed como \u00abproblemas cotidianos vinculados a la seguridad vial y la movilidad\u00bb.<\/p>\n\n\n\n<p>Por eso, el president, que ha destacado la necesidad de \u00abadaptar y actualizar los usos del territorio y poner las infraestructuras necesarias\u00bb, ha explicado que la Generalitat asumir\u00e1 como carretera auton\u00f3mica esta calzada entre la base militar General Almirante y los accesos al Municipio de Marines.<\/p>\n\n\n\n<p>\u00abVamos a hacerlo gracias a la colaboraci\u00f3n de todas las instituciones\u00bb, ha subrayado Puig, que ha destacado la necesidad de \u00abcooperar y colaborar\u00bb entre todas las administraciones p\u00fablicas para \u00abdesatascar esta situaci\u00f3n\u00bb. En este sentido, la Diputaci\u00f3n de Valencia asumir\u00e1 las obras necesarias para el cambio de naturaleza de esta v\u00eda.<\/p>\n\n\n\n<p>Al acto de la firma del protocolo y a la reuni\u00f3n previa han asistido el presidente de la Diputaci\u00f3n de Val\u00e8ncia, Toni Gaspar, la alcaldesa de Marines, Dolores Celda, el alcalde de Olocau, Antonio Ropero, y el Comandante Militar de Valencia y Castell\u00f3n, Miguel \u00c1ngel Guill Garc\u00eda.<\/p>\n","protected":false},"excerpt":{"rendered":"<div class=\"mh-excerpt\">El president de la Generalitat, Ximo Puig, ha anunciado que la Generalitat asumir\u00e1 la v\u00eda pecuaria del Cordel de la Garrofera, situado entre Olocau y Marines, con el objetivo de ampliar y mejorar esta carretera. <a class=\"mh-excerpt-more\" href=\"https:\/\/www.tucomarca.com\/wordpress\/segunda\/ximo-puig-anuncia-que-la-generalitat-asumira-la-via-pecuaria-del-cordel-de-la-garrofera-para-que-sea-una-carretera-autonomica\/\" title=\"Ximo Puig anuncia que la Generalitat asumir\u00e1 la v\u00eda pecuaria del Cordel de la Garrofera para que sea una carretera auton\u00f3mica\">[+] <\/a><\/div>\n","protected":false},"author":1,"featured_media":94695,"comment_status":"open","ping_status":"open","sticky":false,"template":"","format":"standard","meta":{"footnotes":""},"categories":[46,128,8,179,181,142,3,45],"tags":[],"class_list":{"0":"post-94693","1":"post","2":"type-post","3":"status-publish","4":"format-standard","5":"has-post-thumbnail","7":"category-camp-de-turia","8":"category-infraestructuras","9":"category-la-comarca","10":"category-marines","11":"category-olocau","12":"category-politica-la-comarca","13":"category-seccion","14":"category-ventana"},"_links":{"self":[{"href":"https:\/\/www.tucomarca.com\/wordpress\/segunda\/wp-json\/wp\/v2\/posts\/94693","targetHints":{"allow":["GET"]}}],"collection":[{"href":"https:\/\/www.tucomarca.com\/wordpress\/segunda\/wp-json\/wp\/v2\/posts"}],"about":[{"href":"https:\/\/www.tucomarca.com\/wordpress\/segunda\/wp-json\/wp\/v2\/types\/post"}],"author":[{"embeddable":true,"href":"https:\/\/www.tucomarca.com\/wordpress\/segunda\/wp-json\/wp\/v2\/users\/1"}],"replies":[{"embeddable":true,"href":"https:\/\/www.tucomarca.com\/wordpress\/segunda\/wp-json\/wp\/v2\/comments?post=94693"}],"version-history":[{"count":0,"href":"https:\/\/www.tucomarca.com\/wordpress\/segunda\/wp-json\/wp\/v2\/posts\/94693\/revisions"}],"wp:featuredmedia":[{"embeddable":true,"href":"https:\/\/www.tucomarca.com\/wordpress\/segunda\/wp-json\/wp\/v2\/media\/94695"}],"wp:attachment":[{"href":"https:\/\/www.tucomarca.com\/wordpress\/segunda\/wp-json\/wp\/v2\/media?parent=94693"}],"wp:term":[{"taxonomy":"category","embeddable":true,"href":"https:\/\/www.tucomarca.com\/wordpress\/segunda\/wp-json\/wp\/v2\/categories?post=94693"},{"taxonomy":"post_tag","embeddable":true,"href":"https:\/\/www.tucomarca.com\/wordpress\/segunda\/wp-json\/wp\/v2\/tags?post=94693"}],"curies":[{"name":"wp","href":"https:\/\/api.w.org\/{rel}","templated":true}]}}