{"id":94800,"date":"2019-10-29T13:55:49","date_gmt":"2019-10-29T11:55:49","guid":{"rendered":"http:\/\/www.tucomarca.com\/wordpress\/segunda\/?p=94800"},"modified":"2019-10-29T13:56:01","modified_gmt":"2019-10-29T11:56:01","slug":"belen-hoyo-el-pp-trabajara-en-el-congreso-para-conseguir-inversiones-para-rehabilitar-el-real-monasterio-de-san-miguel-y-mejorar-su-entorno","status":"publish","type":"post","link":"https:\/\/www.tucomarca.com\/wordpress\/segunda\/belen-hoyo-el-pp-trabajara-en-el-congreso-para-conseguir-inversiones-para-rehabilitar-el-real-monasterio-de-san-miguel-y-mejorar-su-entorno\/","title":{"rendered":"Bel\u00e9n Hoyo: \u00abEl PP trabajar\u00e1 en el Congreso para conseguir inversiones para rehabilitar el Real Monasterio de San Miguel y mejorar su entorno\u00bb"},"content":{"rendered":"\n<figure class=\"wp-block-image\"><img loading=\"lazy\" decoding=\"async\" width=\"683\" height=\"1024\" src=\"https:\/\/www.tucomarca.com\/wordpress\/segunda\/wp-content\/uploads\/2019\/10\/LliriaPPSanMiguel-683x1024.jpg\" alt=\"La cabeza de lista al Congreso y la portavoz popular, junto a los concejales del PP, visitan el Real Monasterio de San Miguel de Ll\u00edria para conocer de primera mano sus necesidades.\" class=\"wp-image-94801\"\/><figcaption>La cabeza de lista al Congreso y la portavoz popular, junto a los concejales del PP, visitan el Real Monasterio de San Miguel de Ll\u00edria para conocer de primera mano sus necesidades.<\/figcaption><\/figure>\n\n\n\n<p>La cabeza de lista del PP al Congreso de los Diputados por la provincia de Valencia, Bel\u00e9n Hoyo, y la portavoz del Grupo Municipal del PP en el Ayuntamiento de Ll\u00edria, Reme Mazzolari, junto a los concejales populares, han visitado el Real Monasterio de San Miguel para conocer de primera mano sus necesidades. Durante la visita, la candidata popular se ha comprometido a trabajar desde Madrid para conseguir inversiones para la rehabilitaci\u00f3n del Real Monasterio de San Miguel y mejorar su entorno.&nbsp; &nbsp;<\/p>\n\n\n\n<p>En este sentido, la diputada nacional Bel\u00e9n Hoyo ha asegurado que \u201cel Real Monasterio de San Miguel y su entorno es una importante joya patrimonial que desde las instituciones debemos apoyar para su conservaci\u00f3n y mejora\u201d, por ello, ha asegurado que \u201ctrabajaremos desde el Congreso de los Diputados para conseguir ayudas estatales para poner en marcha proyectos que son una reivindicaci\u00f3n hist\u00f3rica en Ll\u00edria y que todav\u00eda no han sido atendidos\u201d.<\/p>\n\n\n\n<p>Por su parte, Mazzolari ha se\u00f1alado que \u201centre los proyectos m\u00e1s relevantes se encuentra la construcci\u00f3n de un acceso alternativo al actual que permitir\u00e1 la subida de autobuses al santuario\u201d. \u201cAdem\u00e1s, este proyecto es primordial, ya que tambi\u00e9n posibilitar\u00e1 el acceso al Real Monasterio de San Miguel de la maquinaria pesada necesaria para los trabajos de rehabilitaci\u00f3n del edificio conventual y la cubierta, cuya intervenci\u00f3n es muy necesaria\u201d, ha indicado.<\/p>\n\n\n\n<p>La portavoz popular ha recordado que \u201cel proyecto del acceso alternativo aprobado por el Gobierno municipal del PP y Uni\u00f3n Valenciana, en la legislatura 1995-1999, y que contaba con consignaci\u00f3n presupuestaria, fue eliminado en la primera decisi\u00f3n pol\u00edtica del Gobierno del tripartito PSOE-Esquerra Unida-Bloc en el pleno de 2 de agosto de 1999\u201d.&nbsp; &nbsp;<\/p>\n\n\n\n<p>Tanto la diputada nacional como la portavoz popular se han comprometido a trabajar codo con codo, junto a la Hermandad de San Miguel de Ll\u00edria, para conseguir l\u00edneas de inversi\u00f3n que permitan que estos proyectos sean una realidad. &nbsp;<br><\/p>\n","protected":false},"excerpt":{"rendered":"<div class=\"mh-excerpt\">La cabeza de lista del PP al Congreso de los Diputados por la provincia de Valencia, Bel\u00e9n Hoyo, y la portavoz del Grupo Municipal del PP en el Ayuntamiento de Ll\u00edria, Reme Mazzolari, junto a <a class=\"mh-excerpt-more\" href=\"https:\/\/www.tucomarca.com\/wordpress\/segunda\/belen-hoyo-el-pp-trabajara-en-el-congreso-para-conseguir-inversiones-para-rehabilitar-el-real-monasterio-de-san-miguel-y-mejorar-su-entorno\/\" title=\"Bel\u00e9n Hoyo: \u00abEl PP trabajar\u00e1 en el Congreso para conseguir inversiones para rehabilitar el Real Monasterio de San Miguel y mejorar su entorno\u00bb\">[+] <\/a><\/div>\n","protected":false},"author":1,"featured_media":94803,"comment_status":"open","ping_status":"open","sticky":false,"template":"","format":"standard","meta":{"footnotes":""},"categories":[46,128,8,47,7,142,3,45],"tags":[10395],"class_list":{"0":"post-94800","1":"post","2":"type-post","3":"status-publish","4":"format-standard","5":"has-post-thumbnail","7":"category-camp-de-turia","8":"category-infraestructuras","9":"category-la-comarca","10":"category-lliria","11":"category-ocio-y-cultura","12":"category-politica-la-comarca","13":"category-seccion","14":"category-ventana","15":"tag-camp-de-turia"},"_links":{"self":[{"href":"https:\/\/www.tucomarca.com\/wordpress\/segunda\/wp-json\/wp\/v2\/posts\/94800","targetHints":{"allow":["GET"]}}],"collection":[{"href":"https:\/\/www.tucomarca.com\/wordpress\/segunda\/wp-json\/wp\/v2\/posts"}],"about":[{"href":"https:\/\/www.tucomarca.com\/wordpress\/segunda\/wp-json\/wp\/v2\/types\/post"}],"author":[{"embeddable":true,"href":"https:\/\/www.tucomarca.com\/wordpress\/segunda\/wp-json\/wp\/v2\/users\/1"}],"replies":[{"embeddable":true,"href":"https:\/\/www.tucomarca.com\/wordpress\/segunda\/wp-json\/wp\/v2\/comments?post=94800"}],"version-history":[{"count":0,"href":"https:\/\/www.tucomarca.com\/wordpress\/segunda\/wp-json\/wp\/v2\/posts\/94800\/revisions"}],"wp:featuredmedia":[{"embeddable":true,"href":"https:\/\/www.tucomarca.com\/wordpress\/segunda\/wp-json\/wp\/v2\/media\/94803"}],"wp:attachment":[{"href":"https:\/\/www.tucomarca.com\/wordpress\/segunda\/wp-json\/wp\/v2\/media?parent=94800"}],"wp:term":[{"taxonomy":"category","embeddable":true,"href":"https:\/\/www.tucomarca.com\/wordpress\/segunda\/wp-json\/wp\/v2\/categories?post=94800"},{"taxonomy":"post_tag","embeddable":true,"href":"https:\/\/www.tucomarca.com\/wordpress\/segunda\/wp-json\/wp\/v2\/tags?post=94800"}],"curies":[{"name":"wp","href":"https:\/\/api.w.org\/{rel}","templated":true}]}}