{"id":94810,"date":"2019-10-29T13:46:42","date_gmt":"2019-10-29T11:46:42","guid":{"rendered":"http:\/\/www.tucomarca.com\/wordpress\/segunda\/?p=94810"},"modified":"2019-10-29T13:48:24","modified_gmt":"2019-10-29T11:48:24","slug":"el-pp-asegura-que-lliria-pierde-dos-millones-de-euros-en-subvenciones-por-la-nefasta-gestion-del-gobierno-de-civera","status":"publish","type":"post","link":"https:\/\/www.tucomarca.com\/wordpress\/segunda\/el-pp-asegura-que-lliria-pierde-dos-millones-de-euros-en-subvenciones-por-la-nefasta-gestion-del-gobierno-de-civera\/","title":{"rendered":"El PP asegura que Ll\u00edria \u00abpierde dos millones de euros en subvenciones por la nefasta gesti\u00f3n del Gobierno de Civera\u00bb"},"content":{"rendered":"\n<p>La portavoz del Grupo Municipal del Partido Popular, Reme Mazzolari, ha denunciado en el \u00faltimo pleno municipal que Ll\u00edria \u00abha perdido dos millones de euros en subvenciones s\u00f3lo en el ejercicio 2018-2019 por la nefasta gesti\u00f3n del Gobierno de Manolo Civera, seg\u00fan ha afirmado.&nbsp;<\/p>\n\n\n\n<p>Mazzolari ha criticado que \u201cesta sangr\u00eda de inversiones est\u00e1 haciendo que Ll\u00edria pierda m\u00e1s y mejores servicios para nuestros vecinos\u201d y ha lamentado que \u201clos partidos de izquierda sean incapaces de rectificar su continua desidia en la gesti\u00f3n y se limiten a mirar hacia otro lado\u201d.&nbsp;<\/p>\n\n\n\n<p>En este sentido, ha calificado de \u00abintolerable\u00bb que Ll\u00edria pierda esta inyecci\u00f3n de dinero, por lo que le ha exigido a Civera que \u00abdimita por su mala gesti\u00f3n. V\u00e1yase ya Sr. Civera, es usted una ruina para Ll\u00edria por su falta de trabajo y responsabilidad\u201d. Tambi\u00e9n ha tenido palabras para los socios de gobierno, Compromis-MOVE, \u201cse\u00f1ores de la izquierda, h\u00e1ganselo mirar por imponer con su apoyo a un alcalde perdedor al que la ciudad de Ll\u00edria le ha dicho que no lo quiere como alcalde y que debe estar en la oposici\u00f3n\u201d.<\/p>\n\n\n\n<p>As\u00ed, ha explicado que el Gobierno de PSOE y Comprom\u00eds-MOVE \u00abha perdido la subvenci\u00f3n del IVACE 2018 por no cumplir con los plazos previstos para los proyectos en los pol\u00edgonos de Rasca\u00f1a y Laboratorios Radio, 265.000 euros y 65.000 euros respectivamente. Tambi\u00e9n la p\u00e9rdida de la subvenci\u00f3n de la Diputaci\u00f3n de Valencia, correspondiente al Plan Provincial de Obras y Servicios (PPOS), para la segunda fase de la apertura de la calle Garcilaso, con un importe de 145.625 euros, obra que se encuentra paralizada por un cambio en el proyecto que va a impedir que cumpla con el plazo establecido\u00bb.<\/p>\n\n\n\n<p>\u00abDe la misma manera, el Gobierno de izquierdas ha perdido la ayuda de 200.000 euros de la Conselleria de Vivienda, Obras P\u00fablicas y Vertebraci\u00f3n del Territorio para la primera fase de la subida al Monasterio de San Miguel de 2018 y va a perder la de 2019, con otros 200.000 euros m\u00e1s, porque la obra ten\u00eda que estar acabada el 31 de diciembre de 2019 y todav\u00eda no la ha empezado, habiendo renunciado recientemente la empresa adjudicataria al contrato, por lo que incumplir\u00e1 nuevamente el plazo establecido\u00bb, siempre seg\u00fan la portavoz del PP.<\/p>\n\n\n\n<p>Mazzolari ha lamentado que \u201cse ha perdido la subvenci\u00f3n que la Diputaci\u00f3n de Valencia, a trav\u00e9s del PPOS, hab\u00eda aprobado para la mejora del acceso a las instalaciones deportivas de El Can\u00f3, por un importe de 218.245 euros. Estas obras ten\u00edan que estar finalizadas el 19 de julio de 2019 y todav\u00eda siguen en marcha\u201d.&nbsp;<\/p>\n\n\n\n<p>\u201cA todas estas subvenciones perdidas se suma la concedida por la Diputaci\u00f3n de Valencia para el centro de recepci\u00f3n de menores por un importe de 910.478,50 euros, una inversi\u00f3n financiada desde el \u00e1rea de Bienestar Social del presupuesto del 2017 de la Diputaci\u00f3n y pod\u00eda haberse convenido su destino a otro proyecto en materia social, proponiendo el PP la residencia y centro de d\u00eda para personas con discapacidad\u201d, ha subrayado<\/p>\n\n\n\n<p><strong>Ayudas por m\u00e1s de 660.000 euros en riesgo<\/strong><\/p>\n\n\n\n<p>Igualmente, ha advertido que \u201chay subvenciones, cuyas fechas todav\u00eda no han vencido, pero que est\u00e1n en peligro de perderse si no cumplen con los plazos marcados, algunos recientemente prorrogados, que ascienden a un total de 664.504 euros, por lo tanto, de ser as\u00ed, estar\u00edamos hablando de m\u00e1s de 2,6 millones de euros perdidos\u201d y ha a\u00f1adido que \u201cel actual Gobierno de PSOE y Comprom\u00eds-MOVE va a pasar a la historia como el peor gestor por ser el que m\u00e1s dinero le ha costado a la ciudadan\u00eda de Ll\u00edria en p\u00e9rdida de subvenciones\u201d.<\/p>\n\n\n\n<p>\u00abTras perder la subvenci\u00f3n del IVACE 2018, el Gobierno de Civera ha presentado los mismos proyectos para los pol\u00edgonos de Rasca\u00f1a y Laboratorios Radio con una inversi\u00f3n aprobada de 265.000 euros y 65.000 euros respectivamente. Estas obras tienen que estar finalizadas el 15 de enero de 2020 pero estamos a finales de octubre y las obras todav\u00eda no se han iniciado\u00bb. &nbsp;<\/p>\n\n\n\n<p>El proyecto para dos nuevos campos de f\u00fatbol en El Prat, no reglamentarios, cuentan con una subvenci\u00f3n de la Diputaci\u00f3n de Valencia, dentro del programa de ayudas para Inversiones Financieramente Sostenibles (IFS), por un importe de 229.085 \u2013la inversi\u00f3n total asciende a 585.638 euros&#8211;. \u201cLas obras deben terminar el 15 de noviembre de 2019 y, a tres semanas de vencer el plazo, las obras todav\u00eda siguen en ejecuci\u00f3n. Ahora tras las presiones de los populares se ha pedido la pr\u00f3rroga de la subvenci\u00f3n consiguiendo un nuevo plazo hasta el 29 de mayo\u201d, ha manifestado.&nbsp;<\/p>\n\n\n\n<p>\u00abLa Diputaci\u00f3n de Valencia ha otorgado una subvenci\u00f3n dentro del programa Ruta Ibers 2018 para la mejora del acceso al Castellet de Bernab\u00e9 por un importe de 14.419 euros. Las obras est\u00e1n paralizadas porque el Ayuntamiento de Ll\u00edria no ha solicitado la autorizaci\u00f3n pertinente, a la espera de que as\u00ed sea, el plazo de finalizaci\u00f3n de las obras est\u00e1 marcada para el 31 de diciembre de 2019, por lo que peligra esta ayuda si no se cumplen los t\u00e9rminos exigidos en la subvenci\u00f3n\u00bb.&nbsp;<\/p>\n\n\n\n<p>Por \u00faltimo, dentro del programa SOM 2018-2019 de la Diputaci\u00f3n de Valencia, hay tres ayudas, en el que se subvenciona el 50% del proyecto, cuya fecha l\u00edmite es el 29 de noviembre de 2019. Estas son: la reurbanizaci\u00f3n de la Avda. dels Furs con un coste total de 178.168,89 euros \u201389.000 euros subvencionados&#8212;; el suministro e instalaci\u00f3n de mobiliario y equipamiento para el ret\u00e9n de la Polic\u00eda Local, con una inversi\u00f3n de 180.000 euros \u201390.000 euros subvencionados&#8211;; y, la transformaci\u00f3n, reparaci\u00f3n y mejora de los contenedores soterrados, por un importe total de 100.000 euros \u201350.000 euros subvencionados&#8211;.&nbsp;<\/p>\n\n\n\n<p>\u201cAunque se nos ha informado en los servicios municipales de contrataci\u00f3n una pr\u00f3rroga hasta el 22 de mayo, en caso de no cumplirse, el Ayuntamiento perder\u00eda esta importante inversi\u00f3n\u201d, ha criticado la dirigente popular . &nbsp;<br><\/p>\n","protected":false},"excerpt":{"rendered":"<div class=\"mh-excerpt\">La portavoz del Grupo Municipal del Partido Popular, Reme Mazzolari, ha denunciado en el \u00faltimo pleno municipal que Ll\u00edria \u00abha perdido dos millones de euros en subvenciones s\u00f3lo en el ejercicio 2018-2019 por la nefasta <a class=\"mh-excerpt-more\" href=\"https:\/\/www.tucomarca.com\/wordpress\/segunda\/el-pp-asegura-que-lliria-pierde-dos-millones-de-euros-en-subvenciones-por-la-nefasta-gestion-del-gobierno-de-civera\/\" title=\"El PP asegura que Ll\u00edria \u00abpierde dos millones de euros en subvenciones por la nefasta gesti\u00f3n del Gobierno de Civera\u00bb\">[+] <\/a><\/div>\n","protected":false},"author":1,"featured_media":63583,"comment_status":"open","ping_status":"open","sticky":false,"template":"","format":"standard","meta":{"footnotes":""},"categories":[46,128,8,47,142,3],"tags":[10395],"class_list":{"0":"post-94810","1":"post","2":"type-post","3":"status-publish","4":"format-standard","5":"has-post-thumbnail","7":"category-camp-de-turia","8":"category-infraestructuras","9":"category-la-comarca","10":"category-lliria","11":"category-politica-la-comarca","12":"category-seccion","13":"tag-camp-de-turia"},"_links":{"self":[{"href":"https:\/\/www.tucomarca.com\/wordpress\/segunda\/wp-json\/wp\/v2\/posts\/94810","targetHints":{"allow":["GET"]}}],"collection":[{"href":"https:\/\/www.tucomarca.com\/wordpress\/segunda\/wp-json\/wp\/v2\/posts"}],"about":[{"href":"https:\/\/www.tucomarca.com\/wordpress\/segunda\/wp-json\/wp\/v2\/types\/post"}],"author":[{"embeddable":true,"href":"https:\/\/www.tucomarca.com\/wordpress\/segunda\/wp-json\/wp\/v2\/users\/1"}],"replies":[{"embeddable":true,"href":"https:\/\/www.tucomarca.com\/wordpress\/segunda\/wp-json\/wp\/v2\/comments?post=94810"}],"version-history":[{"count":0,"href":"https:\/\/www.tucomarca.com\/wordpress\/segunda\/wp-json\/wp\/v2\/posts\/94810\/revisions"}],"wp:featuredmedia":[{"embeddable":true,"href":"https:\/\/www.tucomarca.com\/wordpress\/segunda\/wp-json\/wp\/v2\/media\/63583"}],"wp:attachment":[{"href":"https:\/\/www.tucomarca.com\/wordpress\/segunda\/wp-json\/wp\/v2\/media?parent=94810"}],"wp:term":[{"taxonomy":"category","embeddable":true,"href":"https:\/\/www.tucomarca.com\/wordpress\/segunda\/wp-json\/wp\/v2\/categories?post=94810"},{"taxonomy":"post_tag","embeddable":true,"href":"https:\/\/www.tucomarca.com\/wordpress\/segunda\/wp-json\/wp\/v2\/tags?post=94810"}],"curies":[{"name":"wp","href":"https:\/\/api.w.org\/{rel}","templated":true}]}}