{"id":94912,"date":"2019-10-30T11:23:30","date_gmt":"2019-10-30T09:23:30","guid":{"rendered":"http:\/\/www.tucomarca.com\/wordpress\/segunda\/?p=94912"},"modified":"2019-10-30T11:23:40","modified_gmt":"2019-10-30T09:23:40","slug":"el-quinto-trail-de-bunol-cuenta-con-520-participantes-en-sus-tres-modalidades","status":"publish","type":"post","link":"https:\/\/www.tucomarca.com\/wordpress\/segunda\/el-quinto-trail-de-bunol-cuenta-con-520-participantes-en-sus-tres-modalidades\/","title":{"rendered":"El quinto Trail de Bu\u00f1ol cuenta con 520 participantes en sus tres modalidades"},"content":{"rendered":"\n<p>Un a\u00f1o m\u00e1s, y ya son cinco, se ha celebrado el Trail de Bu\u00f1ol que en esta quinta edici\u00f3n ha contado \u00abcon una participaci\u00f3n extraordinaria y rozando el lleno absoluto: se complet\u00f3 el SprintTrail de 14 km y casi se complet\u00f3 el Trail que es de 27 km y la caminata de 10 km estuvo por los 80 participantes, un total de 520 participantes en las tres distancias que a\u00fan coincidiendo con la Media Marat\u00f3n de Valencia y el Trail de Serra, que tambi\u00e9n tiene mucha importancia en monta\u00f1a\u00bb, tal como ha destacado Laguna Mart\u00ednez, el presidente del Club de Atletismo Correores de Bu\u00f1ol.<br> El ganador absoluto del Trail ha sido, como en anteriores ediciones, Jos\u00e9 Luis del Campo Gij\u00f3n, \u00aby el ganador absoluto en Sprint Trail, un corredor de nuestro club, el local Jos\u00e9 Carrascosa \u2018Peluko\u2019\u00bb, tal como ha resaltado Laguna Mart\u00ednez.<br> Por su parte, las campeonas en el podio local femenino fueron: en Trail, Nieves Carrascosa; y en el SprintTrail, Gema Cambres.<\/p>\n\n\n\n<p><strong>Los podios locales del<\/strong> <strong>Trail 27k<\/strong><\/p>\n\n\n\n<p><strong>Masculino<\/strong>:<\/p>\n\n\n\n<p>1\u00ba Miguel Ib\u00e1\u00f1ez<\/p>\n\n\n\n<p>2\u00ba Javier Hurtado<\/p>\n\n\n\n<p>3\u00ba Ernesto Rehu\u00e9s.<\/p>\n\n\n\n<p><strong>Femenino:<\/strong><\/p>\n\n\n\n<p>1\u00aa Nieves Carrascosa, <\/p>\n\n\n\n<p>2\u00aa y 3\u00aa desierto. <\/p>\n\n\n\n<p><strong>Los podios locales del Sprint-Trail 14k<\/strong><\/p>\n\n\n\n<p><strong>Masculino:<\/strong><\/p>\n\n\n\n<p>1\u00ba Jose Carrascosa \u00abPeluko\u00bb<\/p>\n\n\n\n<p>2\u00ba Luis Barbancho<\/p>\n\n\n\n<p>3\u00ba Pablo Roca.<\/p>\n\n\n\n<p><strong>Femenino:<\/strong><\/p>\n\n\n\n<p>1\u00aa Gema Cambres, <\/p>\n\n\n\n<p>2\u00aa Paula del Valle<\/p>\n\n\n\n<p>3\u00aa Manuela Abel.<\/p>\n\n\n\n<p> \u00abA pesar de los cambios que hubo que hacer por la coincidencia de esta carrera con el Festival De Par en Part, los participantes han quedado encantados con el recorrido ya que estos han hecho mejorar la llegada, en definitiva fue un d\u00eda redondo\u00bb, en palabras del presidente del CA\u2008Correores.<br> La salida y la llegada de la prueba, al igual que en ediciones anteriores, se estableci\u00f3 en las inmediaciones del parque de El Planell de la localidad, que registr\u00f3 un gran ambiente deportivo. <br> \u00abDesde la organizaci\u00f3n queremos dar las gracias por su colaboraci\u00f3n al Ayuntamiento de Bu\u00f1ol, ya que esta carrera se ha realizado en colaboraci\u00f3n de la concejal\u00eda de Deportes que administra Manuel Sierra, pero tambi\u00e9n se ha contado por primera vez con la concejal\u00eda de Turismo que administra Mar\u00eda Vall\u00e9s y con la de Ecolog\u00eda y Medio Ambiente, que administra Mati Mas\u00bb.<br>Laguna Mart\u00ednez tambi\u00e9n ha querido agradecer e nombre del CA\u2008Correores \u00aba la alcaldesa, Juncal Carrascosa, y a Carmen Marzo, la Reina de la Feria y Fiestas de Bu\u00f1ol por entregar los trofeos\u00bb, ha concluido el presidente.<\/p>\n\n\n\n<ul class=\"wp-block-gallery columns-1 is-cropped wp-block-gallery-1 is-layout-flex wp-block-gallery-is-layout-flex\"><li class=\"blocks-gallery-item\"><figure><img loading=\"lazy\" decoding=\"async\" width=\"1600\" height=\"1200\" src=\"https:\/\/i1.wp.com\/www.tucomarca.com\/wordpress\/segunda\/wp-content\/uploads\/2019\/10\/photo-trail.jpeg?fit=1024%2C768\" alt=\"\" data-id=\"94917\" data-link=\"https:\/\/www.tucomarca.com\/wordpress\/segunda\/?attachment_id=94917\" class=\"wp-image-94917\" srcset=\"https:\/\/www.tucomarca.com\/wordpress\/segunda\/wp-content\/uploads\/2019\/10\/photo-trail.jpeg 1600w, https:\/\/www.tucomarca.com\/wordpress\/segunda\/wp-content\/uploads\/2019\/10\/photo-trail-300x225.jpeg 300w, https:\/\/www.tucomarca.com\/wordpress\/segunda\/wp-content\/uploads\/2019\/10\/photo-trail-768x576.jpeg 768w, https:\/\/www.tucomarca.com\/wordpress\/segunda\/wp-content\/uploads\/2019\/10\/photo-trail-1024x768.jpeg 1024w, https:\/\/www.tucomarca.com\/wordpress\/segunda\/wp-content\/uploads\/2019\/10\/photo-trail-678x509.jpeg 678w, https:\/\/www.tucomarca.com\/wordpress\/segunda\/wp-content\/uploads\/2019\/10\/photo-trail-326x245.jpeg 326w, https:\/\/www.tucomarca.com\/wordpress\/segunda\/wp-content\/uploads\/2019\/10\/photo-trail-80x60.jpeg 80w\" sizes=\"auto, (max-width: 1600px) 100vw, 1600px\" \/><\/figure><\/li><li class=\"blocks-gallery-item\"><figure><img loading=\"lazy\" decoding=\"async\" width=\"1444\" height=\"954\" src=\"https:\/\/i2.wp.com\/www.tucomarca.com\/wordpress\/segunda\/wp-content\/uploads\/2019\/10\/PHOTO-2019-10-29-16-07-07-2.jpeg?fit=1024%2C677\" alt=\"\" data-id=\"94919\" data-link=\"https:\/\/www.tucomarca.com\/wordpress\/segunda\/?attachment_id=94919\" class=\"wp-image-94919\" srcset=\"https:\/\/www.tucomarca.com\/wordpress\/segunda\/wp-content\/uploads\/2019\/10\/PHOTO-2019-10-29-16-07-07-2.jpeg 1444w, https:\/\/www.tucomarca.com\/wordpress\/segunda\/wp-content\/uploads\/2019\/10\/PHOTO-2019-10-29-16-07-07-2-300x198.jpeg 300w, https:\/\/www.tucomarca.com\/wordpress\/segunda\/wp-content\/uploads\/2019\/10\/PHOTO-2019-10-29-16-07-07-2-768x507.jpeg 768w, https:\/\/www.tucomarca.com\/wordpress\/segunda\/wp-content\/uploads\/2019\/10\/PHOTO-2019-10-29-16-07-07-2-1024x677.jpeg 1024w\" sizes=\"auto, (max-width: 1444px) 100vw, 1444px\" \/><\/figure><\/li><li class=\"blocks-gallery-item\"><figure><img loading=\"lazy\" decoding=\"async\" width=\"918\" height=\"1441\" src=\"https:\/\/i0.wp.com\/www.tucomarca.com\/wordpress\/segunda\/wp-content\/uploads\/2019\/10\/PHOTO-2019-10-29-16-07-07.jpeg?fit=652%2C1024\" alt=\"\" data-id=\"94921\" data-link=\"https:\/\/www.tucomarca.com\/wordpress\/segunda\/?attachment_id=94921\" class=\"wp-image-94921\" srcset=\"https:\/\/www.tucomarca.com\/wordpress\/segunda\/wp-content\/uploads\/2019\/10\/PHOTO-2019-10-29-16-07-07.jpeg 918w, https:\/\/www.tucomarca.com\/wordpress\/segunda\/wp-content\/uploads\/2019\/10\/PHOTO-2019-10-29-16-07-07-191x300.jpeg 191w, https:\/\/www.tucomarca.com\/wordpress\/segunda\/wp-content\/uploads\/2019\/10\/PHOTO-2019-10-29-16-07-07-768x1206.jpeg 768w, https:\/\/www.tucomarca.com\/wordpress\/segunda\/wp-content\/uploads\/2019\/10\/PHOTO-2019-10-29-16-07-07-652x1024.jpeg 652w\" sizes=\"auto, (max-width: 918px) 100vw, 918px\" \/><\/figure><\/li><li class=\"blocks-gallery-item\"><figure><img loading=\"lazy\" decoding=\"async\" width=\"1080\" height=\"720\" src=\"https:\/\/i2.wp.com\/www.tucomarca.com\/wordpress\/segunda\/wp-content\/uploads\/2019\/10\/PHOTO-2019-10-29-16-07-22.jpeg?fit=1024%2C683\" alt=\"\" data-id=\"94923\" data-link=\"https:\/\/www.tucomarca.com\/wordpress\/segunda\/?attachment_id=94923\" class=\"wp-image-94923\" srcset=\"https:\/\/www.tucomarca.com\/wordpress\/segunda\/wp-content\/uploads\/2019\/10\/PHOTO-2019-10-29-16-07-22.jpeg 1080w, https:\/\/www.tucomarca.com\/wordpress\/segunda\/wp-content\/uploads\/2019\/10\/PHOTO-2019-10-29-16-07-22-300x200.jpeg 300w, https:\/\/www.tucomarca.com\/wordpress\/segunda\/wp-content\/uploads\/2019\/10\/PHOTO-2019-10-29-16-07-22-768x512.jpeg 768w, https:\/\/www.tucomarca.com\/wordpress\/segunda\/wp-content\/uploads\/2019\/10\/PHOTO-2019-10-29-16-07-22-1024x683.jpeg 1024w\" sizes=\"auto, (max-width: 1080px) 100vw, 1080px\" \/><\/figure><\/li><li class=\"blocks-gallery-item\"><figure><img loading=\"lazy\" decoding=\"async\" width=\"960\" height=\"720\" src=\"https:\/\/www.tucomarca.com\/wordpress\/segunda\/wp-content\/uploads\/2019\/10\/PHOTO-2019-10-29-16-07-23-3.jpeg\" alt=\"\" data-id=\"94927\" data-link=\"https:\/\/www.tucomarca.com\/wordpress\/segunda\/?attachment_id=94927\" class=\"wp-image-94927\" srcset=\"https:\/\/www.tucomarca.com\/wordpress\/segunda\/wp-content\/uploads\/2019\/10\/PHOTO-2019-10-29-16-07-23-3.jpeg 960w, https:\/\/www.tucomarca.com\/wordpress\/segunda\/wp-content\/uploads\/2019\/10\/PHOTO-2019-10-29-16-07-23-3-300x225.jpeg 300w, https:\/\/www.tucomarca.com\/wordpress\/segunda\/wp-content\/uploads\/2019\/10\/PHOTO-2019-10-29-16-07-23-3-768x576.jpeg 768w, https:\/\/www.tucomarca.com\/wordpress\/segunda\/wp-content\/uploads\/2019\/10\/PHOTO-2019-10-29-16-07-23-3-678x509.jpeg 678w, https:\/\/www.tucomarca.com\/wordpress\/segunda\/wp-content\/uploads\/2019\/10\/PHOTO-2019-10-29-16-07-23-3-326x245.jpeg 326w, https:\/\/www.tucomarca.com\/wordpress\/segunda\/wp-content\/uploads\/2019\/10\/PHOTO-2019-10-29-16-07-23-3-80x60.jpeg 80w\" sizes=\"auto, (max-width: 960px) 100vw, 960px\" \/><\/figure><\/li><li class=\"blocks-gallery-item\"><figure><img loading=\"lazy\" decoding=\"async\" width=\"1080\" height=\"1080\" src=\"https:\/\/i1.wp.com\/www.tucomarca.com\/wordpress\/segunda\/wp-content\/uploads\/2019\/10\/PHOTO-2019-10-29-16-07-23.jpeg?fit=1024%2C1024\" alt=\"\" data-id=\"94929\" data-link=\"https:\/\/www.tucomarca.com\/wordpress\/segunda\/?attachment_id=94929\" class=\"wp-image-94929\" srcset=\"https:\/\/www.tucomarca.com\/wordpress\/segunda\/wp-content\/uploads\/2019\/10\/PHOTO-2019-10-29-16-07-23.jpeg 1080w, https:\/\/www.tucomarca.com\/wordpress\/segunda\/wp-content\/uploads\/2019\/10\/PHOTO-2019-10-29-16-07-23-290x290.jpeg 290w, https:\/\/www.tucomarca.com\/wordpress\/segunda\/wp-content\/uploads\/2019\/10\/PHOTO-2019-10-29-16-07-23-300x300.jpeg 300w, https:\/\/www.tucomarca.com\/wordpress\/segunda\/wp-content\/uploads\/2019\/10\/PHOTO-2019-10-29-16-07-23-768x768.jpeg 768w, https:\/\/www.tucomarca.com\/wordpress\/segunda\/wp-content\/uploads\/2019\/10\/PHOTO-2019-10-29-16-07-23-1024x1024.jpeg 1024w\" sizes=\"auto, (max-width: 1080px) 100vw, 1080px\" \/><\/figure><\/li><li class=\"blocks-gallery-item\"><figure><img loading=\"lazy\" decoding=\"async\" width=\"960\" height=\"720\" src=\"https:\/\/www.tucomarca.com\/wordpress\/segunda\/wp-content\/uploads\/2019\/10\/PHOTO-2019-10-29-16-08-40-2.jpeg\" alt=\"\" data-id=\"94931\" data-link=\"https:\/\/www.tucomarca.com\/wordpress\/segunda\/?attachment_id=94931\" class=\"wp-image-94931\" srcset=\"https:\/\/www.tucomarca.com\/wordpress\/segunda\/wp-content\/uploads\/2019\/10\/PHOTO-2019-10-29-16-08-40-2.jpeg 960w, https:\/\/www.tucomarca.com\/wordpress\/segunda\/wp-content\/uploads\/2019\/10\/PHOTO-2019-10-29-16-08-40-2-300x225.jpeg 300w, https:\/\/www.tucomarca.com\/wordpress\/segunda\/wp-content\/uploads\/2019\/10\/PHOTO-2019-10-29-16-08-40-2-768x576.jpeg 768w, https:\/\/www.tucomarca.com\/wordpress\/segunda\/wp-content\/uploads\/2019\/10\/PHOTO-2019-10-29-16-08-40-2-678x509.jpeg 678w, https:\/\/www.tucomarca.com\/wordpress\/segunda\/wp-content\/uploads\/2019\/10\/PHOTO-2019-10-29-16-08-40-2-326x245.jpeg 326w, https:\/\/www.tucomarca.com\/wordpress\/segunda\/wp-content\/uploads\/2019\/10\/PHOTO-2019-10-29-16-08-40-2-80x60.jpeg 80w\" sizes=\"auto, (max-width: 960px) 100vw, 960px\" \/><\/figure><\/li><li class=\"blocks-gallery-item\"><figure><img loading=\"lazy\" decoding=\"async\" width=\"1080\" height=\"1080\" src=\"https:\/\/i0.wp.com\/www.tucomarca.com\/wordpress\/segunda\/wp-content\/uploads\/2019\/10\/PHOTO-2019-10-29-16-08-40.jpeg?fit=1024%2C1024\" alt=\"\" data-id=\"94933\" data-link=\"https:\/\/www.tucomarca.com\/wordpress\/segunda\/?attachment_id=94933\" class=\"wp-image-94933\" srcset=\"https:\/\/www.tucomarca.com\/wordpress\/segunda\/wp-content\/uploads\/2019\/10\/PHOTO-2019-10-29-16-08-40.jpeg 1080w, https:\/\/www.tucomarca.com\/wordpress\/segunda\/wp-content\/uploads\/2019\/10\/PHOTO-2019-10-29-16-08-40-290x290.jpeg 290w, https:\/\/www.tucomarca.com\/wordpress\/segunda\/wp-content\/uploads\/2019\/10\/PHOTO-2019-10-29-16-08-40-300x300.jpeg 300w, https:\/\/www.tucomarca.com\/wordpress\/segunda\/wp-content\/uploads\/2019\/10\/PHOTO-2019-10-29-16-08-40-768x768.jpeg 768w, https:\/\/www.tucomarca.com\/wordpress\/segunda\/wp-content\/uploads\/2019\/10\/PHOTO-2019-10-29-16-08-40-1024x1024.jpeg 1024w\" sizes=\"auto, (max-width: 1080px) 100vw, 1080px\" \/><\/figure><\/li><li class=\"blocks-gallery-item\"><figure><img loading=\"lazy\" decoding=\"async\" width=\"640\" height=\"674\" src=\"https:\/\/www.tucomarca.com\/wordpress\/segunda\/wp-content\/uploads\/2019\/10\/peluko-1.jpg\" alt=\"\" data-id=\"94935\" data-link=\"https:\/\/www.tucomarca.com\/wordpress\/segunda\/?attachment_id=94935\" class=\"wp-image-94935\" srcset=\"https:\/\/www.tucomarca.com\/wordpress\/segunda\/wp-content\/uploads\/2019\/10\/peluko-1.jpg 640w, https:\/\/www.tucomarca.com\/wordpress\/segunda\/wp-content\/uploads\/2019\/10\/peluko-1-285x300.jpg 285w\" sizes=\"auto, (max-width: 640px) 100vw, 640px\" \/><\/figure><\/li><\/ul>\n","protected":false},"excerpt":{"rendered":"<div class=\"mh-excerpt\">Un a\u00f1o m\u00e1s, y ya son cinco, se ha celebrado el Trail de Bu\u00f1ol que en esta quinta edici\u00f3n ha contado \u00abcon una participaci\u00f3n extraordinaria y rozando el lleno absoluto: se complet\u00f3 el SprintTrail de <a class=\"mh-excerpt-more\" href=\"https:\/\/www.tucomarca.com\/wordpress\/segunda\/el-quinto-trail-de-bunol-cuenta-con-520-participantes-en-sus-tres-modalidades\/\" title=\"El quinto Trail de Bu\u00f1ol cuenta con 520 participantes en sus tres modalidades\">[+] <\/a><\/div>\n","protected":false},"author":12,"featured_media":94914,"comment_status":"open","ping_status":"open","sticky":false,"template":"","format":"standard","meta":{"footnotes":""},"categories":[98,18,6,10,3],"tags":[11882],"class_list":{"0":"post-94912","1":"post","2":"type-post","3":"status-publish","4":"format-standard","5":"has-post-thumbnail","7":"category-atletismo","8":"category-bunol","9":"category-deportes","10":"category-la-hoya","11":"category-seccion","12":"tag-trail-bunol"},"_links":{"self":[{"href":"https:\/\/www.tucomarca.com\/wordpress\/segunda\/wp-json\/wp\/v2\/posts\/94912","targetHints":{"allow":["GET"]}}],"collection":[{"href":"https:\/\/www.tucomarca.com\/wordpress\/segunda\/wp-json\/wp\/v2\/posts"}],"about":[{"href":"https:\/\/www.tucomarca.com\/wordpress\/segunda\/wp-json\/wp\/v2\/types\/post"}],"author":[{"embeddable":true,"href":"https:\/\/www.tucomarca.com\/wordpress\/segunda\/wp-json\/wp\/v2\/users\/12"}],"replies":[{"embeddable":true,"href":"https:\/\/www.tucomarca.com\/wordpress\/segunda\/wp-json\/wp\/v2\/comments?post=94912"}],"version-history":[{"count":0,"href":"https:\/\/www.tucomarca.com\/wordpress\/segunda\/wp-json\/wp\/v2\/posts\/94912\/revisions"}],"wp:featuredmedia":[{"embeddable":true,"href":"https:\/\/www.tucomarca.com\/wordpress\/segunda\/wp-json\/wp\/v2\/media\/94914"}],"wp:attachment":[{"href":"https:\/\/www.tucomarca.com\/wordpress\/segunda\/wp-json\/wp\/v2\/media?parent=94912"}],"wp:term":[{"taxonomy":"category","embeddable":true,"href":"https:\/\/www.tucomarca.com\/wordpress\/segunda\/wp-json\/wp\/v2\/categories?post=94912"},{"taxonomy":"post_tag","embeddable":true,"href":"https:\/\/www.tucomarca.com\/wordpress\/segunda\/wp-json\/wp\/v2\/tags?post=94912"}],"curies":[{"name":"wp","href":"https:\/\/api.w.org\/{rel}","templated":true}]}}