{"id":95194,"date":"2019-11-04T20:11:32","date_gmt":"2019-11-04T18:11:32","guid":{"rendered":"http:\/\/www.tucomarca.com\/wordpress\/segunda\/?p=95194"},"modified":"2019-11-04T20:11:42","modified_gmt":"2019-11-04T18:11:42","slug":"bonig-reclama-ante-300-asistentes-en-leliana-el-voto-de-centro-derecha-para-echar-a-sanchez","status":"publish","type":"post","link":"https:\/\/www.tucomarca.com\/wordpress\/segunda\/bonig-reclama-ante-300-asistentes-en-leliana-el-voto-de-centro-derecha-para-echar-a-sanchez\/","title":{"rendered":"Bonig reclama ante 300 asistentes en l&#8217;Eliana el voto de centro derecha para \u00abechar a S\u00e1nchez\u00bb"},"content":{"rendered":"\n<figure class=\"wp-block-image\"><img loading=\"lazy\" decoding=\"async\" width=\"1024\" height=\"576\" src=\"https:\/\/www.tucomarca.com\/wordpress\/segunda\/wp-content\/uploads\/2019\/11\/LElianaPP-1024x576.jpg\" alt=\"Simpatizantes, militantes y alcaldes y portavoces de Camp de T\u00faria\" class=\"wp-image-95197\" srcset=\"https:\/\/www.tucomarca.com\/wordpress\/segunda\/wp-content\/uploads\/2019\/11\/LElianaPP.jpg 1024w, https:\/\/www.tucomarca.com\/wordpress\/segunda\/wp-content\/uploads\/2019\/11\/LElianaPP-300x169.jpg 300w, https:\/\/www.tucomarca.com\/wordpress\/segunda\/wp-content\/uploads\/2019\/11\/LElianaPP-768x432.jpg 768w, https:\/\/www.tucomarca.com\/wordpress\/segunda\/wp-content\/uploads\/2019\/11\/LElianaPP-678x381.jpg 678w\" sizes=\"auto, (max-width: 1024px) 100vw, 1024px\" \/><figcaption>Simpatizantes, militantes y alcaldes y portavoces de Camp de T\u00faria<\/figcaption><\/figure>\n\n\n\n<p>La presidenta del PP de la Comunitat Valenciana, Isabel Bonig, llam\u00f3 el pasado s\u00e1bado en L\u2019Eliana a unificar el voto de centro-derecha el 10 noviembre y ha afirmado de que si no es as\u00ed \u201cse queda el PSOE y S\u00e1nchez, que siempre traen paro y pobreza\u201d.&nbsp;\u00abTienen una tendencia nata a destruir el empleo\u00bb, Bonig se pronunci\u00f3 as\u00ed en un Auditorio de l&#8217;Eliana \u00ablleno hasta la bandera con m\u00e1s de 300 asistentes\u00bb, donde asisti\u00f3 a un almuerzo en compa\u00f1\u00eda de la portavoz municipal Mar\u00eda Jos\u00e9 Marco y el Presidente del PP de L\u2019Eliana Sota Ib\u00e1\u00f1ez que declar\u00f3 que se siente&nbsp;\u00abmuy orgulloso del equipo de l&#8217;Eliana y la gran respuesta de su militancia\u00bb, as\u00ed como de la \u00abconfianza del PPCV al encargarle un acto de estas caracter\u00edsticas en los tiempos que corren,&nbsp;porque saben que l&#8217;Eliana siempre suma\u00bb. Simpatizantes, militantes y alcaldes y portavoces de Camp de T\u00faria junto a los cabezas de lista al Congreso y al Senado por Valencia, Bel\u00e9n Hoyo y Fernando de Rosa, y la vicesecretaria de Organizaci\u00f3n del PPCV, Mari Carmen Contelles abarrotaron el sal\u00f3n.&nbsp;<\/p>\n\n\n\n<p>Para Mar\u00eda Jos\u00e9 Marco \u201cno se puede seguir con est\u00e1 inestabilidad en el panorama pol\u00edtico espa\u00f1ol, todos los militantes somos el verdadero m\u00fasculo capaz de impulsar el cambio que Espa\u00f1a necesita y las mas de 300 personas que aqu\u00ed llenamos este Auditorio as\u00ed lo demuestran\u00bb.<\/p>\n\n\n\n<p>Hoyo, cabeza de lista al Congreso por Valencia, llam\u00f3 a la unidad del voto de centro derecha entorno a la figura de Pablo Casado \u201dsi hay un partido que ha sacado dos veces a los espa\u00f1oles de la crisis ha sido el PP\u201d.&nbsp;<\/p>\n\n\n\n<figure class=\"wp-block-image\"><img loading=\"lazy\" decoding=\"async\" width=\"1024\" height=\"498\" src=\"https:\/\/www.tucomarca.com\/wordpress\/segunda\/wp-content\/uploads\/2019\/11\/BonigEliana-1024x498.jpeg\" alt=\"Bonig ha criticado que las cuentas de la Generalitat \u201csuban su cap\u00edtulo de personal\u201d. \" class=\"wp-image-95200\" srcset=\"https:\/\/www.tucomarca.com\/wordpress\/segunda\/wp-content\/uploads\/2019\/11\/BonigEliana-1024x498.jpeg 1024w, https:\/\/www.tucomarca.com\/wordpress\/segunda\/wp-content\/uploads\/2019\/11\/BonigEliana-300x146.jpeg 300w, https:\/\/www.tucomarca.com\/wordpress\/segunda\/wp-content\/uploads\/2019\/11\/BonigEliana-768x373.jpeg 768w, https:\/\/www.tucomarca.com\/wordpress\/segunda\/wp-content\/uploads\/2019\/11\/BonigEliana.jpeg 2016w\" sizes=\"auto, (max-width: 1024px) 100vw, 1024px\" \/><figcaption>Bonig ha criticado que las cuentas de la Generalitat \u201csuban su cap\u00edtulo de personal\u201d. <\/figcaption><\/figure>\n\n\n\n<p>Y para Bonig \u201cLos ciudadanos deben ir a votar pensando qui\u00e9n es el mejor partido para gestionar esta crisis que ya no niega nadie. Cuando gobierna la izquierda hay paro y pobreza. El \u00fanico partido hoy por hoy que garantiza la responsabilidad y tomar las mejores medidas en beneficio de los espa\u00f1oles es el PP y el \u00fanico l\u00edder es Pablo Casado\u00bb . Tambi\u00e9n critic\u00f3 duramente que las cuentas de la Generalitat \u201csuban su cap\u00edtulo de personal\u201d, y asegur\u00f3 que \u201cEn el PPCV proponemos una revoluci\u00f3n fiscal, quitando los impuestos de sucesiones y donaciones y Patrimonio y bajando el IRPF y el impuesto de Sociedades. Lo fundamental es que el dinero est\u00e9 el bolsillo de los ciudadanos, porque eso reactiva la econom\u00eda\u00bb. Concluy\u00f3 afirmando que el PP trae \u00abun mensaje de esperanza a los ciudadanos de la Comunitat Valenciana que empiezan a ver que la econom\u00eda va peor\u00bb y que necesitan \u00abun Gobierno que se ocupe de afrontar las reformas necesarias\u00bb.<\/p>\n","protected":false},"excerpt":{"rendered":"<div class=\"mh-excerpt\">La presidenta del PP de la Comunitat Valenciana, Isabel Bonig, llam\u00f3 el pasado s\u00e1bado en L\u2019Eliana a unificar el voto de centro-derecha el 10 noviembre y ha afirmado de que si no es as\u00ed \u201cse <a class=\"mh-excerpt-more\" href=\"https:\/\/www.tucomarca.com\/wordpress\/segunda\/bonig-reclama-ante-300-asistentes-en-leliana-el-voto-de-centro-derecha-para-echar-a-sanchez\/\" title=\"Bonig reclama ante 300 asistentes en l&#8217;Eliana el voto de centro derecha para \u00abechar a S\u00e1nchez\u00bb\">[+] <\/a><\/div>\n","protected":false},"author":1,"featured_media":95195,"comment_status":"open","ping_status":"open","sticky":false,"template":"","format":"standard","meta":{"footnotes":""},"categories":[46,177,8,72,142,3],"tags":[],"class_list":{"0":"post-95194","1":"post","2":"type-post","3":"status-publish","4":"format-standard","5":"has-post-thumbnail","7":"category-camp-de-turia","8":"category-leliana","9":"category-la-comarca","10":"category-sin-categorizar","11":"category-politica-la-comarca","12":"category-seccion"},"_links":{"self":[{"href":"https:\/\/www.tucomarca.com\/wordpress\/segunda\/wp-json\/wp\/v2\/posts\/95194","targetHints":{"allow":["GET"]}}],"collection":[{"href":"https:\/\/www.tucomarca.com\/wordpress\/segunda\/wp-json\/wp\/v2\/posts"}],"about":[{"href":"https:\/\/www.tucomarca.com\/wordpress\/segunda\/wp-json\/wp\/v2\/types\/post"}],"author":[{"embeddable":true,"href":"https:\/\/www.tucomarca.com\/wordpress\/segunda\/wp-json\/wp\/v2\/users\/1"}],"replies":[{"embeddable":true,"href":"https:\/\/www.tucomarca.com\/wordpress\/segunda\/wp-json\/wp\/v2\/comments?post=95194"}],"version-history":[{"count":0,"href":"https:\/\/www.tucomarca.com\/wordpress\/segunda\/wp-json\/wp\/v2\/posts\/95194\/revisions"}],"wp:featuredmedia":[{"embeddable":true,"href":"https:\/\/www.tucomarca.com\/wordpress\/segunda\/wp-json\/wp\/v2\/media\/95195"}],"wp:attachment":[{"href":"https:\/\/www.tucomarca.com\/wordpress\/segunda\/wp-json\/wp\/v2\/media?parent=95194"}],"wp:term":[{"taxonomy":"category","embeddable":true,"href":"https:\/\/www.tucomarca.com\/wordpress\/segunda\/wp-json\/wp\/v2\/categories?post=95194"},{"taxonomy":"post_tag","embeddable":true,"href":"https:\/\/www.tucomarca.com\/wordpress\/segunda\/wp-json\/wp\/v2\/tags?post=95194"}],"curies":[{"name":"wp","href":"https:\/\/api.w.org\/{rel}","templated":true}]}}