{"id":95204,"date":"2019-11-04T20:16:55","date_gmt":"2019-11-04T18:16:55","guid":{"rendered":"http:\/\/www.tucomarca.com\/wordpress\/segunda\/?p=95204"},"modified":"2019-11-04T20:16:59","modified_gmt":"2019-11-04T18:16:59","slug":"el-pspv-psoe-de-riba-roja-homenajea-a-todos-los-fallecidos-en-actos-de-guerra-y-asesinados-en-la-posguerra-que-lucharon-por-la-paz-y-la-democracia","status":"publish","type":"post","link":"https:\/\/www.tucomarca.com\/wordpress\/segunda\/el-pspv-psoe-de-riba-roja-homenajea-a-todos-los-fallecidos-en-actos-de-guerra-y-asesinados-en-la-posguerra-que-lucharon-por-la-paz-y-la-democracia\/","title":{"rendered":"El PSPV-PSOE de Riba-roja homenajea a todos los fallecidos en actos de guerra y asesinados en la posguerra que lucharon por la paz y la democracia"},"content":{"rendered":"\n<p><strong>Militantes y simpatizantes realizan una ofrenda floral en el cementerio<\/strong><\/p>\n\n\n\n<p>La ma\u00f1ana de Todos Los Santos el PSOE de Riba-roja junto a la Asociaci\u00f3n por la Memoria Hist\u00f3rica de Riba-roja han rendido un emotivo homenaje en el cementerio municipal, por tercer a\u00f1o consecutivo, a todas las v\u00edctimas de las guerras y asesinados en la posguerra que perdieron la vida por su lucha en favor de la democracia y la paz. Militantes y simpatizantes del PSPV de Riba-roja han depositado un ramo de flores en la escultura que preside el acceso principal del cementerio cuyo autor es Vicente Ort\u00ed, profesor de Bellas Artes.&nbsp;<\/p>\n\n\n\n<p>Un numeroso grupo de militantes y simpatizantes del PSPV de Riba-roja y p\u00fablico en general se han reunido en torno a la escultura instalada e inaugurada en 2016 por el ayuntamiento en homenaje a todas aquellas personas de la localidad que perdieron su vida en lucha por conseguir la paz y la democracia en nuestro pa\u00eds. Familiares de los \u00fanicos fallecidos en la contienda cuyos cuerpos no se han podido localizar hasta el momento han portado los ramos de flores utilizados en la ofrenda.&nbsp;<\/p>\n\n\n\n<p>Actualmente, existen cuatro personas de Riba-roja desaparecidas durante la guerra civil y cuyos cuerpos todav\u00eda no se han podido localizar. Las labores de b\u00fasqueda e investigaci\u00f3n corren a cargo de la Asociaci\u00f3n por la Memoria Hist\u00f3rica de la localidad. &nbsp;<\/p>\n\n\n\n<p>La escultura est\u00e1 construida a base de piedra procedente de la extinta cantera <em>\u00abla Pedrera\u00bb<\/em> que estuvo en funcionamiento entre los a\u00f1os 1969 y 2011. El monolito de Ort\u00ed simboliza un alegato por la defensa de los derechos democr\u00e1ticos m\u00e1s elementales y una defensa ac\u00e9rrima al di\u00e1logo entre las personas. Una inscripci\u00f3n en la piedra <em>\u00abA les dones i homes que lluitaren pel poble, la democr\u00e1cia i la llibertat\u00bb<\/em> es el motor principal que impuls\u00f3 al gobierno local a constituir un espacio dedicado a estas personas en el camposanto.<\/p>\n","protected":false},"excerpt":{"rendered":"<div class=\"mh-excerpt\">Militantes y simpatizantes realizan una ofrenda floral en el cementerio La ma\u00f1ana de Todos Los Santos el PSOE de Riba-roja junto a la Asociaci\u00f3n por la Memoria Hist\u00f3rica de Riba-roja han rendido un emotivo homenaje <a class=\"mh-excerpt-more\" href=\"https:\/\/www.tucomarca.com\/wordpress\/segunda\/el-pspv-psoe-de-riba-roja-homenajea-a-todos-los-fallecidos-en-actos-de-guerra-y-asesinados-en-la-posguerra-que-lucharon-por-la-paz-y-la-democracia\/\" title=\"El PSPV-PSOE de Riba-roja homenajea a todos los fallecidos en actos de guerra y asesinados en la posguerra que lucharon por la paz y la democracia\">[+] <\/a><\/div>\n","protected":false},"author":12,"featured_media":95208,"comment_status":"open","ping_status":"open","sticky":false,"template":"","format":"standard","meta":{"footnotes":""},"categories":[46,8,142,182,3],"tags":[11603],"class_list":{"0":"post-95204","1":"post","2":"type-post","3":"status-publish","4":"format-standard","5":"has-post-thumbnail","7":"category-camp-de-turia","8":"category-la-comarca","9":"category-politica-la-comarca","10":"category-riba-roja","11":"category-seccion","12":"tag-pspv-psoe-riba-roja"},"_links":{"self":[{"href":"https:\/\/www.tucomarca.com\/wordpress\/segunda\/wp-json\/wp\/v2\/posts\/95204","targetHints":{"allow":["GET"]}}],"collection":[{"href":"https:\/\/www.tucomarca.com\/wordpress\/segunda\/wp-json\/wp\/v2\/posts"}],"about":[{"href":"https:\/\/www.tucomarca.com\/wordpress\/segunda\/wp-json\/wp\/v2\/types\/post"}],"author":[{"embeddable":true,"href":"https:\/\/www.tucomarca.com\/wordpress\/segunda\/wp-json\/wp\/v2\/users\/12"}],"replies":[{"embeddable":true,"href":"https:\/\/www.tucomarca.com\/wordpress\/segunda\/wp-json\/wp\/v2\/comments?post=95204"}],"version-history":[{"count":0,"href":"https:\/\/www.tucomarca.com\/wordpress\/segunda\/wp-json\/wp\/v2\/posts\/95204\/revisions"}],"wp:featuredmedia":[{"embeddable":true,"href":"https:\/\/www.tucomarca.com\/wordpress\/segunda\/wp-json\/wp\/v2\/media\/95208"}],"wp:attachment":[{"href":"https:\/\/www.tucomarca.com\/wordpress\/segunda\/wp-json\/wp\/v2\/media?parent=95204"}],"wp:term":[{"taxonomy":"category","embeddable":true,"href":"https:\/\/www.tucomarca.com\/wordpress\/segunda\/wp-json\/wp\/v2\/categories?post=95204"},{"taxonomy":"post_tag","embeddable":true,"href":"https:\/\/www.tucomarca.com\/wordpress\/segunda\/wp-json\/wp\/v2\/tags?post=95204"}],"curies":[{"name":"wp","href":"https:\/\/api.w.org\/{rel}","templated":true}]}}