{"id":95214,"date":"2019-11-04T20:43:17","date_gmt":"2019-11-04T18:43:17","guid":{"rendered":"http:\/\/www.tucomarca.com\/wordpress\/segunda\/?p=95214"},"modified":"2019-11-04T20:43:26","modified_gmt":"2019-11-04T18:43:26","slug":"la-mancomunidad-de-la-hoya-dispondra-a-partir-de-enero-de-una-oficina-de-asesoramiento-para-personas-con-discapacidad","status":"publish","type":"post","link":"https:\/\/www.tucomarca.com\/wordpress\/segunda\/la-mancomunidad-de-la-hoya-dispondra-a-partir-de-enero-de-una-oficina-de-asesoramiento-para-personas-con-discapacidad\/","title":{"rendered":"La mancomunidad de La Hoya dispondr\u00e1 a partir de enero de una oficina de asesoramiento para personas con discapacidad"},"content":{"rendered":"\n<p>La mancomunidad de la Hoya de Bu\u00f1ol-Chiva contar\u00e1 a partir del pr\u00f3ximo mes de enero con una oficina de asesoramiento para personas con discapacidad, tal como ha informado su presidente, el alcalde de Y\u00e1tova, Miguel T\u00f3rtola.<\/p>\n\n\n\n<p>Precisamente presidente de la Mancomunidad de La Hoya de Bu\u00f1ol-Chiva y la primera Teniente de alcalde de Y\u00e1tova, Josefa Gimeno, se han reunido con el presidente de COCEMFE Valencia, Pascual Castell\u00f3, junto con personal t\u00e9cnico de la entidad, \u00abpara abordar posibles l\u00edneas de colaboraci\u00f3n entre las dos entidades\u00bb, en palabras de Miguel T\u00f3rtola. <\/p>\n\n\n\n<p>\u00abEl punto en com\u00fan de los temas tratados han sido los servicios a personas con discapacidad que pueden aportar COCEMFE Valencia a las poblaciones mancomunadas como entidad referente del colectivo\u00bb. <br> \u00abLas diferentes l\u00edneas de actuaci\u00f3n tratadas abarcar\u00edan desde empleo, atenci\u00f3n social especializada, sensibilizaci\u00f3n del tejido empresarial de la comarca sobre contrataci\u00f3n de personas con discapacidad hasta servicios asistenciales de nuestro colectivo\u00bb, ha a\u00f1adido el presidente de la mancomunidad <\/p>\n\n\n\n<p>Los dos presidentes han coincidido en la importancia de \u00abapostar por proyectos innovadores dirigidos al colectivo de discapacidad y llegar a zonas de la  provincia m\u00e1s all\u00e1 de la zona de influencia de Valencia capital\u00bb.<\/p>\n\n\n\n<p>En los pr\u00f3ximos meses se seguir\u00e1 avanzando en el proyecto y concretando las l\u00edneas de trabajo a realizar por los profesionales de las dos instituciones.<\/p>\n","protected":false},"excerpt":{"rendered":"<div class=\"mh-excerpt\">La mancomunidad de la Hoya de Bu\u00f1ol-Chiva contar\u00e1 a partir del pr\u00f3ximo mes de enero con una oficina de asesoramiento para personas con discapacidad, tal como ha informado su presidente, el alcalde de Y\u00e1tova, Miguel <a class=\"mh-excerpt-more\" href=\"https:\/\/www.tucomarca.com\/wordpress\/segunda\/la-mancomunidad-de-la-hoya-dispondra-a-partir-de-enero-de-una-oficina-de-asesoramiento-para-personas-con-discapacidad\/\" title=\"La mancomunidad de La Hoya dispondr\u00e1 a partir de enero de una oficina de asesoramiento para personas con discapacidad\">[+] <\/a><\/div>\n","protected":false},"author":1,"featured_media":95215,"comment_status":"open","ping_status":"open","sticky":false,"template":"","format":"standard","meta":{"footnotes":""},"categories":[128,8,72,10,142,3,11],"tags":[11142,10380],"class_list":{"0":"post-95214","1":"post","2":"type-post","3":"status-publish","4":"format-standard","5":"has-post-thumbnail","7":"category-infraestructuras","8":"category-la-comarca","9":"category-sin-categorizar","10":"category-la-hoya","11":"category-politica-la-comarca","12":"category-seccion","13":"category-yatova","14":"tag-iatova","15":"tag-yatova"},"_links":{"self":[{"href":"https:\/\/www.tucomarca.com\/wordpress\/segunda\/wp-json\/wp\/v2\/posts\/95214","targetHints":{"allow":["GET"]}}],"collection":[{"href":"https:\/\/www.tucomarca.com\/wordpress\/segunda\/wp-json\/wp\/v2\/posts"}],"about":[{"href":"https:\/\/www.tucomarca.com\/wordpress\/segunda\/wp-json\/wp\/v2\/types\/post"}],"author":[{"embeddable":true,"href":"https:\/\/www.tucomarca.com\/wordpress\/segunda\/wp-json\/wp\/v2\/users\/1"}],"replies":[{"embeddable":true,"href":"https:\/\/www.tucomarca.com\/wordpress\/segunda\/wp-json\/wp\/v2\/comments?post=95214"}],"version-history":[{"count":0,"href":"https:\/\/www.tucomarca.com\/wordpress\/segunda\/wp-json\/wp\/v2\/posts\/95214\/revisions"}],"wp:featuredmedia":[{"embeddable":true,"href":"https:\/\/www.tucomarca.com\/wordpress\/segunda\/wp-json\/wp\/v2\/media\/95215"}],"wp:attachment":[{"href":"https:\/\/www.tucomarca.com\/wordpress\/segunda\/wp-json\/wp\/v2\/media?parent=95214"}],"wp:term":[{"taxonomy":"category","embeddable":true,"href":"https:\/\/www.tucomarca.com\/wordpress\/segunda\/wp-json\/wp\/v2\/categories?post=95214"},{"taxonomy":"post_tag","embeddable":true,"href":"https:\/\/www.tucomarca.com\/wordpress\/segunda\/wp-json\/wp\/v2\/tags?post=95214"}],"curies":[{"name":"wp","href":"https:\/\/api.w.org\/{rel}","templated":true}]}}