{"id":95230,"date":"2019-11-04T20:18:04","date_gmt":"2019-11-04T18:18:04","guid":{"rendered":"http:\/\/www.tucomarca.com\/wordpress\/segunda\/?p=95230"},"modified":"2019-11-04T20:18:15","modified_gmt":"2019-11-04T18:18:15","slug":"vilamarxant-estrena-una-serie-de-jornadas-con-los-fundadores-de-proyectos-exitosos-de-empresa","status":"publish","type":"post","link":"https:\/\/www.tucomarca.com\/wordpress\/segunda\/vilamarxant-estrena-una-serie-de-jornadas-con-los-fundadores-de-proyectos-exitosos-de-empresa\/","title":{"rendered":"Vilamarxant estrena una serie de jornadas con los fundadores de proyectos exitosos de empresa"},"content":{"rendered":"\n<p><strong>El objetivo del programa \u00abSuccess Fridays\u00bb, que comienzan el 8 de noviembre, es ayudar a los emprendedores con experiencias en primera persona<\/strong><\/p>\n\n\n\n<p>El Centro de Emprendimiento e Innovaci\u00f3n del T\u00faria de Vilamarxant (CEIT\u00faria) acoger\u00e1 durante los pr\u00f3ximos meses una serie de jornadas en la que los protagonistas de empresas de \u00e9xito contar\u00e1n su experiencia.<\/p>\n\n\n\n<p>Estas jornadas en el que los l\u00edderes de proyectos empresariales de \u00e9xito explicar\u00e1n sus vivencias personales, desde el origen de la idea hasta la consolidaci\u00f3n de sus negocios, servir\u00e1n para que emprendedores de Vilamarxant y la comarca del Camp de T\u00faria adquieran nociones del proceso.<\/p>\n\n\n\n<p>Los Success Fridays, nombre con el que se conocer\u00e1n las sesiones de trabajo, se estrenar\u00e1n el pr\u00f3ximo 8 de noviembre, a partir de las 19 horas, en CEI T\u00faria de Vilamarxant. Juan Puchau Gadea, representante de \u00d3rbita Ingenier\u00eda SL, ser\u00e1 el primer invitado a estas conferencias.<\/p>\n","protected":false},"excerpt":{"rendered":"<div class=\"mh-excerpt\">El objetivo del programa \u00abSuccess Fridays\u00bb, que comienzan el 8 de noviembre, es ayudar a los emprendedores con experiencias en primera persona El Centro de Emprendimiento e Innovaci\u00f3n del T\u00faria de Vilamarxant (CEIT\u00faria) acoger\u00e1 durante <a class=\"mh-excerpt-more\" href=\"https:\/\/www.tucomarca.com\/wordpress\/segunda\/vilamarxant-estrena-una-serie-de-jornadas-con-los-fundadores-de-proyectos-exitosos-de-empresa\/\" title=\"Vilamarxant estrena una serie de jornadas con los fundadores de proyectos exitosos de empresa\">[+] <\/a><\/div>\n","protected":false},"author":12,"featured_media":95232,"comment_status":"open","ping_status":"open","sticky":false,"template":"","format":"standard","meta":{"footnotes":""},"categories":[4,46,8,3,184],"tags":[11890],"class_list":{"0":"post-95230","1":"post","2":"type-post","3":"status-publish","4":"format-standard","5":"has-post-thumbnail","7":"category-agenda","8":"category-camp-de-turia","9":"category-la-comarca","10":"category-seccion","11":"category-vilamarxant","12":"tag-valamarxant"},"_links":{"self":[{"href":"https:\/\/www.tucomarca.com\/wordpress\/segunda\/wp-json\/wp\/v2\/posts\/95230","targetHints":{"allow":["GET"]}}],"collection":[{"href":"https:\/\/www.tucomarca.com\/wordpress\/segunda\/wp-json\/wp\/v2\/posts"}],"about":[{"href":"https:\/\/www.tucomarca.com\/wordpress\/segunda\/wp-json\/wp\/v2\/types\/post"}],"author":[{"embeddable":true,"href":"https:\/\/www.tucomarca.com\/wordpress\/segunda\/wp-json\/wp\/v2\/users\/12"}],"replies":[{"embeddable":true,"href":"https:\/\/www.tucomarca.com\/wordpress\/segunda\/wp-json\/wp\/v2\/comments?post=95230"}],"version-history":[{"count":0,"href":"https:\/\/www.tucomarca.com\/wordpress\/segunda\/wp-json\/wp\/v2\/posts\/95230\/revisions"}],"wp:featuredmedia":[{"embeddable":true,"href":"https:\/\/www.tucomarca.com\/wordpress\/segunda\/wp-json\/wp\/v2\/media\/95232"}],"wp:attachment":[{"href":"https:\/\/www.tucomarca.com\/wordpress\/segunda\/wp-json\/wp\/v2\/media?parent=95230"}],"wp:term":[{"taxonomy":"category","embeddable":true,"href":"https:\/\/www.tucomarca.com\/wordpress\/segunda\/wp-json\/wp\/v2\/categories?post=95230"},{"taxonomy":"post_tag","embeddable":true,"href":"https:\/\/www.tucomarca.com\/wordpress\/segunda\/wp-json\/wp\/v2\/tags?post=95230"}],"curies":[{"name":"wp","href":"https:\/\/api.w.org\/{rel}","templated":true}]}}