{"id":95236,"date":"2019-11-04T21:02:37","date_gmt":"2019-11-04T19:02:37","guid":{"rendered":"http:\/\/www.tucomarca.com\/wordpress\/segunda\/?p=95236"},"modified":"2019-11-04T21:03:04","modified_gmt":"2019-11-04T19:03:04","slug":"toni-quintana-y-juncal-carrascosa-participan-en-el-acto-de-campana-electoral-del-pspv-psoe-en-bunol","status":"publish","type":"post","link":"https:\/\/www.tucomarca.com\/wordpress\/segunda\/toni-quintana-y-juncal-carrascosa-participan-en-el-acto-de-campana-electoral-del-pspv-psoe-en-bunol\/","title":{"rendered":"Toni Quintana y Juncal Carrascosa participan en el acto de campa\u00f1a electoral del PSPV-PSOE en Bu\u00f1ol"},"content":{"rendered":"\n<p>Este martes, d\u00eda 5 de noviembre, a las 19,30 horas y en el sal\u00f3n de plenos del Ayuntamiento de Bu\u00f1ol los socialistas locales realizar\u00e1n su acto central de esta campa\u00f1a electoral, previa a las Elecciones Generales del pr\u00f3ximo 10 de noviembre.<\/p>\n\n\n\n<p>\u00abEl PSOE de Bu\u00f1ol viene encadenando resultados positivos en los \u00faltimos comicios celebrados durante este a\u00f1o, quedando en primera posici\u00f3n tanto en las elecciones Generales y Auton\u00f3micas del pasado mes de abril, como en las municipales y europeas celebradas un mes despu\u00e9s\u00bb. En esta ocasi\u00f3n desde el partido del pu\u00f1o y la rosa esperan \u00abno s\u00f3lo mantener los grandes resultados, sino aumentarlos, debido a la fragmentaci\u00f3n sufrida en Podemos, con la escisi\u00f3n  liderada por \u00cd\u00f1igo Errej\u00f3n, como tambi\u00e9n por la divisi\u00f3n existente en la derecha, pele\u00e1ndose entre ella para ver qui\u00e9n queda segunda, descartando todas las encuestas una victoria electoral por cualquiera de sus protagonistas y otorg\u00e1ndosela al partido de Pedro S\u00e1nchez\u00bb.<\/p>\n\n\n\n<p>\u00abUna mayor\u00eda m\u00e1s robusta que la del pasado mes de abril por parte de los socialistas, ayudar\u00e1 a dar forma a un gobierno progresista\u00bb, apuntan desde las filas socialistas, entendiendo estos que este mensaje es el que tendr\u00e1n presente los electores el pr\u00f3ximo 10 de noviembre \u00abpara llenar de rosas las urnas de toda Espa\u00f1a\u00bb.<\/p>\n\n\n\n<p>El acto que ser\u00e1 abierto por la secretar\u00eda general municipal y alcaldesa socialista de la localidad desde 2017, Juncal Carrascosa, se unir\u00e1 el diputado en el Congreso de los Diputados Toni Quintana.<\/p>\n","protected":false},"excerpt":{"rendered":"<div class=\"mh-excerpt\">Este martes, d\u00eda 5 de noviembre, a las 19,30 horas y en el sal\u00f3n de plenos del Ayuntamiento de Bu\u00f1ol los socialistas locales realizar\u00e1n su acto central de esta campa\u00f1a electoral, previa a las Elecciones <a class=\"mh-excerpt-more\" href=\"https:\/\/www.tucomarca.com\/wordpress\/segunda\/toni-quintana-y-juncal-carrascosa-participan-en-el-acto-de-campana-electoral-del-pspv-psoe-en-bunol\/\" title=\"Toni Quintana y Juncal Carrascosa participan en el acto de campa\u00f1a electoral del PSPV-PSOE en Bu\u00f1ol\">[+] <\/a><\/div>\n","protected":false},"author":12,"featured_media":56494,"comment_status":"open","ping_status":"open","sticky":false,"template":"","format":"standard","meta":{"footnotes":""},"categories":[4,18,8,10,142,3],"tags":[11380],"class_list":{"0":"post-95236","1":"post","2":"type-post","3":"status-publish","4":"format-standard","5":"has-post-thumbnail","7":"category-agenda","8":"category-bunol","9":"category-la-comarca","10":"category-la-hoya","11":"category-politica-la-comarca","12":"category-seccion","13":"tag-pspv-psoe-bunol"},"_links":{"self":[{"href":"https:\/\/www.tucomarca.com\/wordpress\/segunda\/wp-json\/wp\/v2\/posts\/95236","targetHints":{"allow":["GET"]}}],"collection":[{"href":"https:\/\/www.tucomarca.com\/wordpress\/segunda\/wp-json\/wp\/v2\/posts"}],"about":[{"href":"https:\/\/www.tucomarca.com\/wordpress\/segunda\/wp-json\/wp\/v2\/types\/post"}],"author":[{"embeddable":true,"href":"https:\/\/www.tucomarca.com\/wordpress\/segunda\/wp-json\/wp\/v2\/users\/12"}],"replies":[{"embeddable":true,"href":"https:\/\/www.tucomarca.com\/wordpress\/segunda\/wp-json\/wp\/v2\/comments?post=95236"}],"version-history":[{"count":0,"href":"https:\/\/www.tucomarca.com\/wordpress\/segunda\/wp-json\/wp\/v2\/posts\/95236\/revisions"}],"wp:featuredmedia":[{"embeddable":true,"href":"https:\/\/www.tucomarca.com\/wordpress\/segunda\/wp-json\/wp\/v2\/media\/56494"}],"wp:attachment":[{"href":"https:\/\/www.tucomarca.com\/wordpress\/segunda\/wp-json\/wp\/v2\/media?parent=95236"}],"wp:term":[{"taxonomy":"category","embeddable":true,"href":"https:\/\/www.tucomarca.com\/wordpress\/segunda\/wp-json\/wp\/v2\/categories?post=95236"},{"taxonomy":"post_tag","embeddable":true,"href":"https:\/\/www.tucomarca.com\/wordpress\/segunda\/wp-json\/wp\/v2\/tags?post=95236"}],"curies":[{"name":"wp","href":"https:\/\/api.w.org\/{rel}","templated":true}]}}