{"id":95245,"date":"2019-11-04T20:53:32","date_gmt":"2019-11-04T18:53:32","guid":{"rendered":"http:\/\/www.tucomarca.com\/wordpress\/segunda\/?p=95245"},"modified":"2019-11-04T20:53:34","modified_gmt":"2019-11-04T18:53:34","slug":"el-alcalde-de-teresa-de-cofrentes-se-reune-con-el-presidente-de-la-diputacio","status":"publish","type":"post","link":"https:\/\/www.tucomarca.com\/wordpress\/segunda\/el-alcalde-de-teresa-de-cofrentes-se-reune-con-el-presidente-de-la-diputacio\/","title":{"rendered":"El alcalde de Teresa de Cofrentes se re\u00fane con el presidente de la Diputaci\u00f3"},"content":{"rendered":"\n<p>El presidente de la Diputaci\u00f3 de Val\u00e8ncia,&nbsp;Toni Gaspar, ha recibido este lunes al alcalde de Teresa de Cofrentes,&nbsp;Francisco Cebri\u00e1n, en la sede central de la corporaci\u00f3n en Plaza Manises. A lo largo del encuentro se han abordado diferentes asuntos relacionados con el municipio del Valle de Ayora-Cofrentes.<\/p>\n","protected":false},"excerpt":{"rendered":"<div class=\"mh-excerpt\">El presidente de la Diputaci\u00f3 de Val\u00e8ncia,&nbsp;Toni Gaspar, ha recibido este lunes al alcalde de Teresa de Cofrentes,&nbsp;Francisco Cebri\u00e1n, en la sede central de la corporaci\u00f3n en Plaza Manises. A lo largo del encuentro se <a class=\"mh-excerpt-more\" href=\"https:\/\/www.tucomarca.com\/wordpress\/segunda\/el-alcalde-de-teresa-de-cofrentes-se-reune-con-el-presidente-de-la-diputacio\/\" title=\"El alcalde de Teresa de Cofrentes se re\u00fane con el presidente de la Diputaci\u00f3\">[+] <\/a><\/div>\n","protected":false},"author":1,"featured_media":95246,"comment_status":"open","ping_status":"open","sticky":false,"template":"","format":"standard","meta":{"footnotes":""},"categories":[38,128,8,72,142,3,232],"tags":[3677],"class_list":{"0":"post-95245","1":"post","2":"type-post","3":"status-publish","4":"format-standard","5":"has-post-thumbnail","7":"category-ayora-cofrentes","8":"category-infraestructuras","9":"category-la-comarca","10":"category-sin-categorizar","11":"category-politica-la-comarca","12":"category-seccion","13":"category-teresa-de-cofrentes","14":"tag-diputacio-de-valencia"},"_links":{"self":[{"href":"https:\/\/www.tucomarca.com\/wordpress\/segunda\/wp-json\/wp\/v2\/posts\/95245","targetHints":{"allow":["GET"]}}],"collection":[{"href":"https:\/\/www.tucomarca.com\/wordpress\/segunda\/wp-json\/wp\/v2\/posts"}],"about":[{"href":"https:\/\/www.tucomarca.com\/wordpress\/segunda\/wp-json\/wp\/v2\/types\/post"}],"author":[{"embeddable":true,"href":"https:\/\/www.tucomarca.com\/wordpress\/segunda\/wp-json\/wp\/v2\/users\/1"}],"replies":[{"embeddable":true,"href":"https:\/\/www.tucomarca.com\/wordpress\/segunda\/wp-json\/wp\/v2\/comments?post=95245"}],"version-history":[{"count":0,"href":"https:\/\/www.tucomarca.com\/wordpress\/segunda\/wp-json\/wp\/v2\/posts\/95245\/revisions"}],"wp:featuredmedia":[{"embeddable":true,"href":"https:\/\/www.tucomarca.com\/wordpress\/segunda\/wp-json\/wp\/v2\/media\/95246"}],"wp:attachment":[{"href":"https:\/\/www.tucomarca.com\/wordpress\/segunda\/wp-json\/wp\/v2\/media?parent=95245"}],"wp:term":[{"taxonomy":"category","embeddable":true,"href":"https:\/\/www.tucomarca.com\/wordpress\/segunda\/wp-json\/wp\/v2\/categories?post=95245"},{"taxonomy":"post_tag","embeddable":true,"href":"https:\/\/www.tucomarca.com\/wordpress\/segunda\/wp-json\/wp\/v2\/tags?post=95245"}],"curies":[{"name":"wp","href":"https:\/\/api.w.org\/{rel}","templated":true}]}}