{"id":95285,"date":"2019-11-04T21:18:13","date_gmt":"2019-11-04T19:18:13","guid":{"rendered":"http:\/\/www.tucomarca.com\/wordpress\/segunda\/?p=95285"},"modified":"2019-11-04T21:19:33","modified_gmt":"2019-11-04T19:19:33","slug":"paula-tuzon-destaca-en-antella-la-importancia-de-los-parajes-naturales-municipales-como-espacios-clave-para-la-adaptacion-y-mitigacion-al-cambio-climatico","status":"publish","type":"post","link":"https:\/\/www.tucomarca.com\/wordpress\/segunda\/paula-tuzon-destaca-en-antella-la-importancia-de-los-parajes-naturales-municipales-como-espacios-clave-para-la-adaptacion-y-mitigacion-al-cambio-climatico\/","title":{"rendered":"Paula Tuz\u00f3n destaca en Antella la importancia de los parajes naturales municipales \u00abcomo espacios clave para la adaptaci\u00f3n y mitigaci\u00f3n al cambio clim\u00e1tico\u00bb"},"content":{"rendered":"\n<p>La secretaria auton\u00f3mica de Emergencia Clim\u00e1tica y Transici\u00f3n Ecol\u00f3gica, Paula Tuz\u00f3n, ha subrayado la importancia que tiene la figura de protecci\u00f3n parajes naturales municipales \u00abcomo espacios claves para la adaptaci\u00f3n y mitigaci\u00f3n al cambio clim\u00e1tico\u00bb&nbsp;<\/p>\n\n\n\n<p>Paula Tuz\u00f3n se ha expresado de esta manera durante la visita que ha realizado a la localidad de Antella, en la que ha trasladado a su alcaldesa y a la corporaci\u00f3n municipal el criterio de conformidad -que supone un paso adelante en el proceso de tramitaci\u00f3n-, despu\u00e9s del trabajo previo de la conselleria y el consistorio, sobre el decreto de declaraci\u00f3n de Paraje Natural Municipal del Assut de Antella-Creueta Alta. Posteriormente la secretaria auton\u00f3mica se ha dirigido al enclave de Ullals del Riu Verd, situado en el t\u00e9rmino municipal de Benimodo.&nbsp;<\/p>\n\n\n\n<p>La secretaria auton\u00f3mica ha destacado que la figura de Paraje Natural Municipal \u00abes una magn\u00edfica herramienta que contribuye a reforzar la protecci\u00f3n, ordenaci\u00f3n y gesti\u00f3n del patrimonio natural, cultural y social de las personas que viven en estos municipios\u00bb.&nbsp;<\/p>\n\n\n\n<p>Durante su visita a estos lugares de gran valor ecol\u00f3gico y medioambiental, Paula Tuz\u00f3n ha estado acompa\u00f1ada por la alcaldesa de Antella, Amparo Estarlich, y por el alcalde de Benimodo, Francisco Teruel.&nbsp;<\/p>\n\n\n\n<p>La secretaria auton\u00f3mica de Emergencia Clim\u00e1tica ha recordado que los parajes naturales municipales son \u00e1reas con especiales valores naturales de inter\u00e9s local que requieren protecci\u00f3n, conservaci\u00f3n y mejora, y por este motivo \u00abla colaboraci\u00f3n entre los municipios y la conselleria se hace necesaria para poder poner en marcha medidas que contribuyan a mejorar la capacidad de adaptaci\u00f3n a los nuevos escenarios clim\u00e1ticos de los ecosistemas y de los servicios que proporcionen\u00bb.&nbsp;<\/p>\n\n\n\n<p><strong>Assut de Antella-Creueta Alta<\/strong><\/p>\n\n\n\n<p>Se trata de una zona de gran belleza situada en el \u00e1mbito formado por el r\u00edo J\u00facar y el monte Creueta Alta, en el t\u00e9rmino municipal de Antella. Actualmente su estado ecol\u00f3gico es bastante heterog\u00e9neo, por un lado destaca su funci\u00f3n de refugio natural entre zonas agr\u00edcolas, lo que aporta biodiversidad y cobijo a diferentes especies, y por otra parte, el espacio encuadrado en la zona de la ribera se encuentra incluido en la Red Natura 2000, formando parte del Lugar de Inter\u00e9s Comunitario (LIC) Riu X\u00faquer.&nbsp;<\/p>\n\n\n\n<p>Este espacio natural atrae a diversos sectores sociales que buscan un lugar de ocio en el que poder disfrutar del paisaje y la tranquilidad o un espacio recreativo en el que practicar deportes al aire libre.&nbsp;<\/p>\n\n\n\n<p><strong>Ullals del Riu Verd<\/strong><\/p>\n\n\n\n<p>Durante su visita a esta zona h\u00fameda, Paula Tuz\u00f3n ha conocido de primera mano los trabajos de conservaci\u00f3n y gesti\u00f3n que se est\u00e1n llevando a cabo y que han permitido que este espacio afectado en el a\u00f1o 2006 por un importante episodio de desecaci\u00f3n, que afect\u00f3 gravemente sus valores, se est\u00e9 recuperando de forma satisfactoria.&nbsp;<\/p>\n\n\n\n<p>Tuz\u00f3n ha reconocido \u00abla importante labor de regeneraci\u00f3n ecol\u00f3gica que se ha llevado a cabo, por parte de la conselleria de Agricultura, Desarrollo Rural, Emergencia Clim\u00e1tica y Transici\u00f3n Ecol\u00f3gica, en este espacio de tan alto valor medioambiental, y que ha permitido la regeneraci\u00f3n de uno de los manantiales m\u00e1s valiosos de nuestro territorio\u00bb.&nbsp;<\/p>\n\n\n\n<p>Ullals del Riu Verd es uno de los manantiales m\u00e1s caudalosos de la Comunitat Valenciana, generado por afloramiento de agua del acu\u00edfero del Macizo de Caroig, y se encuentra ubicado en el t\u00e9rmino municipal de Benimodo.&nbsp;<\/p>\n\n\n\n<p>Est\u00e1 protegido por diversas figuras como las de Paraje Natural Municipal, Zona H\u00fameda Catalogada, Lugar de Inter\u00e9s Comunitario y se encuentra incluido en el Espacio Red Natura 2000.&nbsp;<\/p>\n\n\n\n<p>El espacio protegido integra tanto la zona de nacimientos (Ullals), como el primer tramo del cauce del r\u00edo, a lo largo de este recorrido est\u00e1n localizadas importantes poblaciones de flora amenazada, como es el helecho de los pantanos. Actualmente se est\u00e1n llevando a cabo trabajos de reintroducci\u00f3n del nen\u00fafar, que est\u00e1n dando resultados satisfactorios.&nbsp;<\/p>\n\n\n\n<p>En lo referente a la fauna, hay que destacar la presencia de dos especies de n\u00e1yades, Unio mancus y Potomida littoralis, ambas objeto de actuaciones de seguimiento y conservaci\u00f3n, as\u00ed como de una buena poblaci\u00f3n de dos especies de camarones de agua dulce.<\/p>\n","protected":false},"excerpt":{"rendered":"<div class=\"mh-excerpt\">La secretaria auton\u00f3mica de Emergencia Clim\u00e1tica y Transici\u00f3n Ecol\u00f3gica, Paula Tuz\u00f3n, ha subrayado la importancia que tiene la figura de protecci\u00f3n parajes naturales municipales \u00abcomo espacios claves para la adaptaci\u00f3n y mitigaci\u00f3n al cambio clim\u00e1tico\u00bb&nbsp; <a class=\"mh-excerpt-more\" href=\"https:\/\/www.tucomarca.com\/wordpress\/segunda\/paula-tuzon-destaca-en-antella-la-importancia-de-los-parajes-naturales-municipales-como-espacios-clave-para-la-adaptacion-y-mitigacion-al-cambio-climatico\/\" title=\"Paula Tuz\u00f3n destaca en Antella la importancia de los parajes naturales municipales \u00abcomo espacios clave para la adaptaci\u00f3n y mitigaci\u00f3n al cambio clim\u00e1tico\u00bb\">[+] <\/a><\/div>\n","protected":false},"author":1,"featured_media":95287,"comment_status":"open","ping_status":"open","sticky":false,"template":"","format":"standard","meta":{"footnotes":""},"categories":[146,128,8,72,42,117,142],"tags":[3640],"class_list":{"0":"post-95285","1":"post","2":"type-post","3":"status-publish","4":"format-standard","5":"has-post-thumbnail","7":"category-antella","8":"category-infraestructuras","9":"category-la-comarca","10":"category-sin-categorizar","11":"category-la-ribera","12":"category-medio-ambiente-la-comarca","13":"category-politica-la-comarca","14":"tag-la-ribera-alta"},"_links":{"self":[{"href":"https:\/\/www.tucomarca.com\/wordpress\/segunda\/wp-json\/wp\/v2\/posts\/95285","targetHints":{"allow":["GET"]}}],"collection":[{"href":"https:\/\/www.tucomarca.com\/wordpress\/segunda\/wp-json\/wp\/v2\/posts"}],"about":[{"href":"https:\/\/www.tucomarca.com\/wordpress\/segunda\/wp-json\/wp\/v2\/types\/post"}],"author":[{"embeddable":true,"href":"https:\/\/www.tucomarca.com\/wordpress\/segunda\/wp-json\/wp\/v2\/users\/1"}],"replies":[{"embeddable":true,"href":"https:\/\/www.tucomarca.com\/wordpress\/segunda\/wp-json\/wp\/v2\/comments?post=95285"}],"version-history":[{"count":0,"href":"https:\/\/www.tucomarca.com\/wordpress\/segunda\/wp-json\/wp\/v2\/posts\/95285\/revisions"}],"wp:featuredmedia":[{"embeddable":true,"href":"https:\/\/www.tucomarca.com\/wordpress\/segunda\/wp-json\/wp\/v2\/media\/95287"}],"wp:attachment":[{"href":"https:\/\/www.tucomarca.com\/wordpress\/segunda\/wp-json\/wp\/v2\/media?parent=95285"}],"wp:term":[{"taxonomy":"category","embeddable":true,"href":"https:\/\/www.tucomarca.com\/wordpress\/segunda\/wp-json\/wp\/v2\/categories?post=95285"},{"taxonomy":"post_tag","embeddable":true,"href":"https:\/\/www.tucomarca.com\/wordpress\/segunda\/wp-json\/wp\/v2\/tags?post=95285"}],"curies":[{"name":"wp","href":"https:\/\/api.w.org\/{rel}","templated":true}]}}