{"id":95396,"date":"2019-11-09T13:12:47","date_gmt":"2019-11-09T11:12:47","guid":{"rendered":"http:\/\/www.tucomarca.com\/wordpress\/segunda\/?p=95396"},"modified":"2019-11-09T13:12:54","modified_gmt":"2019-11-09T11:12:54","slug":"alexis-diaz-inaugura-su-exposicion-periplos-dentro-de-la-vii-bienal-de-artes","status":"publish","type":"post","link":"https:\/\/www.tucomarca.com\/wordpress\/segunda\/alexis-diaz-inaugura-su-exposicion-periplos-dentro-de-la-vii-bienal-de-artes\/","title":{"rendered":"Alexis D\u00edaz inaugura su exposici\u00f3n \u00abPeriplos\u00bb dentro de la VII Bienal de Artes"},"content":{"rendered":"\n<p>En la biblioteca municipal y acogida dentro de BibliotecArte vuelve y se suma a la VII Bienal de Artes el artista Alexis D\u00edaz, que ha inaugurado este viernes 8 de noviembre, a las 19,00 h, su exposici\u00f3n \u201cPeriplos\u201d. <\/p>\n\n\n\n<p>El acto ha estado acompa\u00f1ado de una charla sobre del proceso creativo que Alexis lleva a cabo para realizar un proyecto art\u00edstico. Esta exposici\u00f3n se podr\u00e1 visitar en horario de biblioteca hasta el 29 de noviembre inclusive.<\/p>\n","protected":false},"excerpt":{"rendered":"<div class=\"mh-excerpt\">En la biblioteca municipal y acogida dentro de BibliotecArte vuelve y se suma a la VII Bienal de Artes el artista Alexis D\u00edaz, que ha inaugurado este viernes 8 de noviembre, a las 19,00 h, <a class=\"mh-excerpt-more\" href=\"https:\/\/www.tucomarca.com\/wordpress\/segunda\/alexis-diaz-inaugura-su-exposicion-periplos-dentro-de-la-vii-bienal-de-artes\/\" title=\"Alexis D\u00edaz inaugura su exposici\u00f3n \u00abPeriplos\u00bb dentro de la VII Bienal de Artes\">[+] <\/a><\/div>\n","protected":false},"author":12,"featured_media":95397,"comment_status":"open","ping_status":"open","sticky":false,"template":"","format":"standard","meta":{"footnotes":""},"categories":[4,18,10,7,92,3],"tags":[10385],"class_list":{"0":"post-95396","1":"post","2":"type-post","3":"status-publish","4":"format-standard","5":"has-post-thumbnail","7":"category-agenda","8":"category-bunol","9":"category-la-hoya","10":"category-ocio-y-cultura","11":"category-pintura","12":"category-seccion","13":"tag-bunol"},"_links":{"self":[{"href":"https:\/\/www.tucomarca.com\/wordpress\/segunda\/wp-json\/wp\/v2\/posts\/95396","targetHints":{"allow":["GET"]}}],"collection":[{"href":"https:\/\/www.tucomarca.com\/wordpress\/segunda\/wp-json\/wp\/v2\/posts"}],"about":[{"href":"https:\/\/www.tucomarca.com\/wordpress\/segunda\/wp-json\/wp\/v2\/types\/post"}],"author":[{"embeddable":true,"href":"https:\/\/www.tucomarca.com\/wordpress\/segunda\/wp-json\/wp\/v2\/users\/12"}],"replies":[{"embeddable":true,"href":"https:\/\/www.tucomarca.com\/wordpress\/segunda\/wp-json\/wp\/v2\/comments?post=95396"}],"version-history":[{"count":0,"href":"https:\/\/www.tucomarca.com\/wordpress\/segunda\/wp-json\/wp\/v2\/posts\/95396\/revisions"}],"wp:featuredmedia":[{"embeddable":true,"href":"https:\/\/www.tucomarca.com\/wordpress\/segunda\/wp-json\/wp\/v2\/media\/95397"}],"wp:attachment":[{"href":"https:\/\/www.tucomarca.com\/wordpress\/segunda\/wp-json\/wp\/v2\/media?parent=95396"}],"wp:term":[{"taxonomy":"category","embeddable":true,"href":"https:\/\/www.tucomarca.com\/wordpress\/segunda\/wp-json\/wp\/v2\/categories?post=95396"},{"taxonomy":"post_tag","embeddable":true,"href":"https:\/\/www.tucomarca.com\/wordpress\/segunda\/wp-json\/wp\/v2\/tags?post=95396"}],"curies":[{"name":"wp","href":"https:\/\/api.w.org\/{rel}","templated":true}]}}