{"id":95509,"date":"2019-11-11T14:54:11","date_gmt":"2019-11-11T12:54:11","guid":{"rendered":"http:\/\/www.tucomarca.com\/wordpress\/segunda\/?p=95509"},"modified":"2019-11-11T14:54:20","modified_gmt":"2019-11-11T12:54:20","slug":"la-guardia-civil-auxilia-a-un-varon-que-estaba-atrapado-en-una-cueva-de-la-localidad-de-tous","status":"publish","type":"post","link":"https:\/\/www.tucomarca.com\/wordpress\/segunda\/la-guardia-civil-auxilia-a-un-varon-que-estaba-atrapado-en-una-cueva-de-la-localidad-de-tous\/","title":{"rendered":"La Guardia Civil auxilia a un var\u00f3n que estaba atrapado en una cueva de la localidad de Tous"},"content":{"rendered":"\n<p>La Guardia Civil de Valencia tuvo conocimiento de que un var\u00f3n se encontraba atrapado sin poder salir de una cueva de la localidad de Tous el pasado d\u00eda 5 de noviembre.<\/p>\n\n\n\n<p>Inmediatamente efectivos de la Guardia Civil de Carlet se desplazaron hasta la zona donde se situaba esta persona, para iniciar auxilio.<\/p>\n\n\n\n<p>Tras conseguir llegar hasta su ubicaci\u00f3n, se comprob\u00f3 que&nbsp; se hab\u00eda ca\u00eddo dentro de la cueva de donde no pod\u00eda salir.<\/p>\n\n\n\n<p>Los agentes pudieron hablar con \u00e9l para saber su estado, informando que solamente tenia lesiones leves a consecuencia de la ca\u00edda,<\/p>\n\n\n\n<p>Una vez evaluada la situaci\u00f3n los agentes se&nbsp; introdujeron medio cuerpo en el agujero cogi\u00e9ndolo por los brazos hasta conseguir sacarlo del mismo.&nbsp;<\/p>\n\n\n\n<p>Una vez fuera presentaba lesiones de car\u00e1cter leve por la ca\u00edda, procediendo escalonadamente al descenso de la monta\u00f1a con el herido, hasta los veh\u00edculos aproximadamente un kil\u00f3metro de distancia, siendo este trasladado al Centro m\u00e9dico de Carlet por un familiar para una revisi\u00f3n m\u00e9dica.<\/p>\n\n\n\n<p>Gracias a la profesionalidad y determinaci\u00f3n que demostraron los participantes en esta actuaci\u00f3n lograron auxiliar a esta persona var\u00f3n de 38 a\u00f1os, evitando as\u00ed un mal mayor.<\/p>\n","protected":false},"excerpt":{"rendered":"<div class=\"mh-excerpt\">La Guardia Civil de Valencia tuvo conocimiento de que un var\u00f3n se encontraba atrapado sin poder salir de una cueva de la localidad de Tous el pasado d\u00eda 5 de noviembre. Inmediatamente efectivos de la <a class=\"mh-excerpt-more\" href=\"https:\/\/www.tucomarca.com\/wordpress\/segunda\/la-guardia-civil-auxilia-a-un-varon-que-estaba-atrapado-en-una-cueva-de-la-localidad-de-tous\/\" title=\"La Guardia Civil auxilia a un var\u00f3n que estaba atrapado en una cueva de la localidad de Tous\">[+] <\/a><\/div>\n","protected":false},"author":1,"featured_media":57483,"comment_status":"open","ping_status":"open","sticky":false,"template":"","format":"standard","meta":{"footnotes":""},"categories":[8,42,3,116,159],"tags":[3640],"class_list":{"0":"post-95509","1":"post","2":"type-post","3":"status-publish","4":"format-standard","5":"has-post-thumbnail","7":"category-la-comarca","8":"category-la-ribera","9":"category-seccion","10":"category-sucesos-la-comarca","11":"category-tous","12":"tag-la-ribera-alta"},"_links":{"self":[{"href":"https:\/\/www.tucomarca.com\/wordpress\/segunda\/wp-json\/wp\/v2\/posts\/95509","targetHints":{"allow":["GET"]}}],"collection":[{"href":"https:\/\/www.tucomarca.com\/wordpress\/segunda\/wp-json\/wp\/v2\/posts"}],"about":[{"href":"https:\/\/www.tucomarca.com\/wordpress\/segunda\/wp-json\/wp\/v2\/types\/post"}],"author":[{"embeddable":true,"href":"https:\/\/www.tucomarca.com\/wordpress\/segunda\/wp-json\/wp\/v2\/users\/1"}],"replies":[{"embeddable":true,"href":"https:\/\/www.tucomarca.com\/wordpress\/segunda\/wp-json\/wp\/v2\/comments?post=95509"}],"version-history":[{"count":0,"href":"https:\/\/www.tucomarca.com\/wordpress\/segunda\/wp-json\/wp\/v2\/posts\/95509\/revisions"}],"wp:featuredmedia":[{"embeddable":true,"href":"https:\/\/www.tucomarca.com\/wordpress\/segunda\/wp-json\/wp\/v2\/media\/57483"}],"wp:attachment":[{"href":"https:\/\/www.tucomarca.com\/wordpress\/segunda\/wp-json\/wp\/v2\/media?parent=95509"}],"wp:term":[{"taxonomy":"category","embeddable":true,"href":"https:\/\/www.tucomarca.com\/wordpress\/segunda\/wp-json\/wp\/v2\/categories?post=95509"},{"taxonomy":"post_tag","embeddable":true,"href":"https:\/\/www.tucomarca.com\/wordpress\/segunda\/wp-json\/wp\/v2\/tags?post=95509"}],"curies":[{"name":"wp","href":"https:\/\/api.w.org\/{rel}","templated":true}]}}