{"id":95625,"date":"2019-11-12T12:54:53","date_gmt":"2019-11-12T10:54:53","guid":{"rendered":"http:\/\/www.tucomarca.com\/wordpress\/segunda\/?p=95625"},"modified":"2019-11-12T12:55:02","modified_gmt":"2019-11-12T10:55:02","slug":"el-ix-congreso-de-historia-comarcal-se-celebra-este-fin-de-semana-en-requena","status":"publish","type":"post","link":"https:\/\/www.tucomarca.com\/wordpress\/segunda\/el-ix-congreso-de-historia-comarcal-se-celebra-este-fin-de-semana-en-requena\/","title":{"rendered":"El IX Congreso de Historia Comarcal se celebra este fin de semana en Requena"},"content":{"rendered":"\n<p>Bajo el lema \u00abPoblaci\u00f3n y despoblaci\u00f3n: apuesta por el paisanaje\u00bb, el IX Congreso de Historia Comarcal tendr\u00e1 lugar los d\u00edas 15, 16 y 17 de noviembre.<\/p>\n\n\n\n<p>Organizado por el Centro de Estudios Requenenses y el M. I. Ayuntamiento de Requena, el IX Congreso abordar\u00e1 mediante distintas ponencias y comunicaciones una problem\u00e1tica que afecta de manera tan directa a nuestra comarca, junto a la mitad del territorio espa\u00f1ol, con la intenci\u00f3n de afinar diagn\u00f3sticos y ofrecer soluciones.<\/p>\n\n\n\n<p>El tema es de candente actualidad: la Espa\u00f1a Vac\u00eda salta a diario a los medios de comunicaci\u00f3n. Por ello, desde el CER, se pretende ofrecer una perspectiva comarcal que ayude a la comprensi\u00f3n y superaci\u00f3n de la lacra de la despoblaci\u00f3n, con soluciones que sean respetuosas con el patrimonio medioambiental e hist\u00f3rico, y al mismo tiempo con alternativas humanas desde el paisanaje, que es el colectivo humano que conoce y ama el medio rural y contin\u00faa preserv\u00e1ndolo a pesar de las adversidades que surgen de la situaci\u00f3n actual.<\/p>\n\n\n\n<p>Las ponencias que se van a desarrollar durante este evento son las siguientes:<\/p>\n\n\n\n<p>-A las 17:30 horas del viernes 15 se inaugurar\u00e1 esta IX edici\u00f3n en la sede del Centro de Estudios Requenenses, que es el Instituto Tecnol\u00f3gico de Viticultura y Enolog\u00eda.<\/p>\n\n\n\n<p>Con el ep\u00edgrafe \u00abLa ayuda de la historia\u00bb, en esta jornada inaugral intervendr\u00e1n:<\/p>\n\n\n\n<p>-Mario S\u00e1nchez Gonz\u00e1lez, Alcalde de Requena, que inaugurar\u00e1 el congreso, y y D. Ferm\u00edn Pardo Pardo, presidente del Centro de Estudios Requenenses. La sesi\u00f3n estar\u00e1 moderada por D. Jos\u00e9 Luis Mart\u00ednez Mart\u00ednez, secretario del CER, y contendr\u00e1 las siguientes comunicaciones y ponencias:<\/p>\n\n\n\n<p>PONENCIA: Andreu Gin\u00e9s (Director t\u00e9cnico FEDINESPV)- Estudio y catalogaci\u00f3n de pueblos abandonados: un proyecto colaborativo.<\/p>\n\n\n\n<p>COMUNICACIONES:<\/p>\n\n\n\n<p>-Ignacio Latorre- Gitanos en Requena: una aproximaci\u00f3n hist\u00f3rica.<\/p>\n\n\n\n<p>-V\u00edctor Manuel Gal\u00e1n- \u00bfPredestinadas a la despoblaci\u00f3n? Requena-Soria, en una diagonal de la Espa\u00f1a vaciada.&nbsp;<\/p>\n\n\n\n<p>-Juan Carlos P\u00e9rez Garc\u00eda- Frontera, geograf\u00eda y despoblaci\u00f3n. Antecedentes hist\u00f3ricos de los procesos actuales.<\/p>\n\n\n\n<p>-Jaime Mart\u00ednez Ruiz y Carlos Javier G\u00f3mez- Repoblaci\u00f3n y despoblaci\u00f3n en un espacio de frontera: el caso de Sinarcas (1304-2019).<\/p>\n\n\n\n<p>-Carmen P\u00e9rez- Los despoblamientos menores y los paisajes que generan.<\/p>\n\n\n\n<p>-Vicente Mart\u00ednez Castillblanques- Los or\u00edgenes de las aldeas de Cortes de Pall\u00e1s.<\/p>\n\n\n\n<p>Durante la sesi\u00f3n se proyectar\u00e1n fotograf\u00edas sobre despoblados comarcanos realizadas por la Asociaci\u00f3n Luz de Bobal.<\/p>\n\n\n\n<p>S\u00e1bado 16 de noviembre de 2019.&nbsp;<\/p>\n\n\n\n<p>Sede de Camporrobles (Centro de Interpretaci\u00f3n de El Mol\u00f3n).&nbsp;<\/p>\n\n\n\n<p>Sesi\u00f3n de ma\u00f1ana- Entender el territorio.<\/p>\n\n\n\n<p>Hora de inicio- 10.00 horas.<\/p>\n\n\n\n<p>Inauguraci\u00f3n: D\u00aa Mar\u00eda Inmaculada Alemany Latorre, alcaldesa de Camporrobles, y D. Ferm\u00edn Pardo Pardo ,presidente del CER.&nbsp;<\/p>\n\n\n\n<p>Sesi\u00f3n moderado por D. Eugenio Domingo Iranzo, miembro del CER.<\/p>\n\n\n\n<p>PONENCIA<\/p>\n\n\n\n<p>Juan Piqueras (catedr\u00e1tico de Geograf\u00eda de la Universidad de Valencia y miembro del CER)- El impacto del despoblamiento en el paisaje.<\/p>\n\n\n\n<p>COMUNICACIONES.<\/p>\n\n\n\n<p>Gerardo G\u00f3mez Ruiz- La demograf\u00eda de Camporrobles: de granja (1564) a aldea con aspiraciones de villazgo en el Antiguo R\u00e9gimen.<\/p>\n\n\n\n<p>Francisco Arroyo Mart\u00ednez- El envejecimiento de la poblaci\u00f3n comarcal al final del siglo XX.<\/p>\n\n\n\n<p>Vicente P\u00e9rez Vigo- Incidencia de la despoblaci\u00f3n en la desaparici\u00f3n del folclore.<\/p>\n\n\n\n<p>Mar\u00eda \u00c1ngeles Novella y Yolanda Hern\u00e1ndez Soriano- La vid, \u00bfpoblaci\u00f3n o despoblaci\u00f3n?<\/p>\n\n\n\n<p>M\u00aa Carmen Mart\u00ednez Hern\u00e1ndez- Viticultura y fijaci\u00f3n de la poblaci\u00f3n rural en Pascual Carri\u00f3n.&nbsp;<\/p>\n\n\n\n<p>VISITA AL CENTRO DE INTERPRETACI\u00d3N DEL MOL\u00d3N DE CAMPORROBLES Y VINO DE HONOR.<\/p>\n\n\n\n<p>Sesi\u00f3n de tarde- Estructurar el territorio.<\/p>\n\n\n\n<p>Hora de inicio- 16.00 horas.<\/p>\n\n\n\n<p>Sesi\u00f3n moderada por D. Juan Carlos P\u00e9rez Garc\u00eda (miembro del CER).<\/p>\n\n\n\n<p>PONENCIA<\/p>\n\n\n\n<p>Ferm\u00edn Pardo (cronista oficial de Requena y presidente del CER)- Poblaci\u00f3n y despoblaci\u00f3n en la partida de Hortunas desde el siglo XVI.<\/p>\n\n\n\n<p>COMUNICACIONES-<\/p>\n\n\n\n<p>Remedios Mart\u00ednez Garc\u00eda- Efectos del despoblamiento en enclaves rurales y centros hist\u00f3ricos de la comarca de Utiel-Requena.<\/p>\n\n\n\n<p>Jos\u00e9 Rafael Ponce Iranzo-&nbsp; Reflexi\u00f3n territorial y demogr\u00e1fica de la meseta de Utiel-Requena.&nbsp;<\/p>\n\n\n\n<p>Carlos Javier G\u00f3mez- La poblaci\u00f3n diseminada de Utiel: Colonizaci\u00f3n y despoblaci\u00f3n de un municipio.<\/p>\n\n\n\n<p>Vicente Garc\u00eda- Evoluci\u00f3n de la toponimia de Utiel seg\u00fan el plano de 1927.<\/p>\n\n\n\n<p>Tom\u00e1s Pedraz- El patrimonio cultural como freno a la despoblaci\u00f3n.<\/p>\n\n\n\n<p>Domingo 17 de noviembre de 2019.&nbsp;<\/p>\n\n\n\n<p>Sede de Jaraguas (Centro Social) &#8211; Dignificar el territorio.<\/p>\n\n\n\n<p>Hora de inicio- 10.00 horas.<\/p>\n\n\n\n<p>INAUGURACI\u00d3N por D. Luis Francisco L\u00f3pez Yeves, alcalde de Venta del Moro; D\u00aa Noelia Mart\u00ednez Crespo, alcaldesa ped\u00e1nea de Jaraguas y D. Ferm\u00edn Pardo Pardo, presidente del CER.<\/p>\n\n\n\n<p>Sesi\u00f3n moderada por D. Jos\u00e9 Alabau Montoya (miembro del CER).<\/p>\n\n\n\n<p>PONENCIA<\/p>\n\n\n\n<p>Luis Francisco L\u00f3pez Yeves (alcalde de Venta del Moro)- La preservaci\u00f3n de los servicios p\u00fablicos en nuestro medio.<\/p>\n\n\n\n<p>COMUNICACIONES<\/p>\n\n\n\n<p>Alfonso Garc\u00eda Rodr\u00edguez- Migraciones, educaci\u00f3n y despoblamiento en el t\u00e9rmino de Requena (1750-2018).&nbsp;<\/p>\n\n\n\n<p>Diego Garc\u00eda Monteagudo- La despoblaci\u00f3n en Requena y sus aldeas: la visi\u00f3n de la poblaci\u00f3n escolar.<\/p>\n\n\n\n<p>Jennifer Torres Padilla y Carlos Javier G\u00f3mez- Las tradiciones y la despoblaci\u00f3n. Los Isidros.<\/p>\n\n\n\n<p>Carlos Mart\u00ednez Iniesta y Fernando Moya Mu\u00f1oz- La ribera del Cabriel y la dehesa de Fuencaliente.<\/p>\n\n\n\n<p>Fidel Garc\u00eda Berlanga- La poblaci\u00f3n de la cuenca del Cabriel.<\/p>\n\n\n\n<p>V\u00edctor Hern\u00e1ndez Ochando- Despoblaci\u00f3n y comercio: cambios en el tejido terciario de Requena.<\/p>\n\n\n\n<p>Javier Gonz\u00e1lez Segura- El patrimonio arb\u00f3reo requenense: pasado, presente y futuro de nuestros olmos y olmedas.<\/p>\n\n\n\n<p>CONCLUSIONES DEL IX CONGRESO DE HISTORIA COMARCAL Y PROPUESTA DE TEMA PARA EL X CONGRESO.<\/p>\n\n\n\n<p>VINO DE HONOR<\/p>\n\n\n\n<p>VISITA GUIADA A JARAGUAS Y SUS SALINAS.<\/p>\n","protected":false},"excerpt":{"rendered":"<div class=\"mh-excerpt\">Bajo el lema \u00abPoblaci\u00f3n y despoblaci\u00f3n: apuesta por el paisanaje\u00bb, el IX Congreso de Historia Comarcal tendr\u00e1 lugar los d\u00edas 15, 16 y 17 de noviembre. Organizado por el Centro de Estudios Requenenses y el <a class=\"mh-excerpt-more\" href=\"https:\/\/www.tucomarca.com\/wordpress\/segunda\/el-ix-congreso-de-historia-comarcal-se-celebra-este-fin-de-semana-en-requena\/\" title=\"El IX Congreso de Historia Comarcal se celebra este fin de semana en Requena\">[+] <\/a><\/div>\n","protected":false},"author":1,"featured_media":95626,"comment_status":"open","ping_status":"open","sticky":false,"template":"","format":"standard","meta":{"footnotes":""},"categories":[4,28,27,3],"tags":[],"class_list":{"0":"post-95625","1":"post","2":"type-post","3":"status-publish","4":"format-standard","5":"has-post-thumbnail","7":"category-agenda","8":"category-requena","9":"category-requena-utiel","10":"category-seccion"},"_links":{"self":[{"href":"https:\/\/www.tucomarca.com\/wordpress\/segunda\/wp-json\/wp\/v2\/posts\/95625","targetHints":{"allow":["GET"]}}],"collection":[{"href":"https:\/\/www.tucomarca.com\/wordpress\/segunda\/wp-json\/wp\/v2\/posts"}],"about":[{"href":"https:\/\/www.tucomarca.com\/wordpress\/segunda\/wp-json\/wp\/v2\/types\/post"}],"author":[{"embeddable":true,"href":"https:\/\/www.tucomarca.com\/wordpress\/segunda\/wp-json\/wp\/v2\/users\/1"}],"replies":[{"embeddable":true,"href":"https:\/\/www.tucomarca.com\/wordpress\/segunda\/wp-json\/wp\/v2\/comments?post=95625"}],"version-history":[{"count":0,"href":"https:\/\/www.tucomarca.com\/wordpress\/segunda\/wp-json\/wp\/v2\/posts\/95625\/revisions"}],"wp:featuredmedia":[{"embeddable":true,"href":"https:\/\/www.tucomarca.com\/wordpress\/segunda\/wp-json\/wp\/v2\/media\/95626"}],"wp:attachment":[{"href":"https:\/\/www.tucomarca.com\/wordpress\/segunda\/wp-json\/wp\/v2\/media?parent=95625"}],"wp:term":[{"taxonomy":"category","embeddable":true,"href":"https:\/\/www.tucomarca.com\/wordpress\/segunda\/wp-json\/wp\/v2\/categories?post=95625"},{"taxonomy":"post_tag","embeddable":true,"href":"https:\/\/www.tucomarca.com\/wordpress\/segunda\/wp-json\/wp\/v2\/tags?post=95625"}],"curies":[{"name":"wp","href":"https:\/\/api.w.org\/{rel}","templated":true}]}}