{"id":95702,"date":"2019-11-13T18:00:12","date_gmt":"2019-11-13T16:00:12","guid":{"rendered":"http:\/\/www.tucomarca.com\/wordpress\/segunda\/?p=95702"},"modified":"2019-11-13T20:04:44","modified_gmt":"2019-11-13T18:04:44","slug":"el-alcalde-de-yatova-miguel-tortola-se-reune-con-el-diputado-de-desarrollo-rural-ramiro-rivera","status":"publish","type":"post","link":"https:\/\/www.tucomarca.com\/wordpress\/segunda\/el-alcalde-de-yatova-miguel-tortola-se-reune-con-el-diputado-de-desarrollo-rural-ramiro-rivera\/","title":{"rendered":"El alcalde de Y\u00e1tova, Miguel T\u00f3rtola, se re\u00fane con el diputado de Desarrollo Rural, Ramiro Rivera"},"content":{"rendered":"\n<p>El diputado de Desarrollo Rural y Pol\u00edticas contra la Despoblaci\u00f3n, Ramiro Rivera, ha recibido este martes al alcalde de Y\u00e1tova, Miguel T\u00f3rtola, con quien ha tratado distintos asuntos de actualidad relacionados con este municipio de la Hoya de Bu\u00f1ol-Chiva, entre ellos la colaboraci\u00f3n en materia de emprendimiento y despoblaci\u00f3n rural.&nbsp;<\/p>\n","protected":false},"excerpt":{"rendered":"<div class=\"mh-excerpt\">El diputado de Desarrollo Rural y Pol\u00edticas contra la Despoblaci\u00f3n, Ramiro Rivera, ha recibido este martes al alcalde de Y\u00e1tova, Miguel T\u00f3rtola, con quien ha tratado distintos asuntos de actualidad relacionados con este municipio de <a class=\"mh-excerpt-more\" href=\"https:\/\/www.tucomarca.com\/wordpress\/segunda\/el-alcalde-de-yatova-miguel-tortola-se-reune-con-el-diputado-de-desarrollo-rural-ramiro-rivera\/\" title=\"El alcalde de Y\u00e1tova, Miguel T\u00f3rtola, se re\u00fane con el diputado de Desarrollo Rural, Ramiro Rivera\">[+] <\/a><\/div>\n","protected":false},"author":1,"featured_media":95703,"comment_status":"open","ping_status":"open","sticky":false,"template":"","format":"standard","meta":{"footnotes":""},"categories":[128,8,10,142,3,11],"tags":[],"class_list":{"0":"post-95702","1":"post","2":"type-post","3":"status-publish","4":"format-standard","5":"has-post-thumbnail","7":"category-infraestructuras","8":"category-la-comarca","9":"category-la-hoya","10":"category-politica-la-comarca","11":"category-seccion","12":"category-yatova"},"_links":{"self":[{"href":"https:\/\/www.tucomarca.com\/wordpress\/segunda\/wp-json\/wp\/v2\/posts\/95702","targetHints":{"allow":["GET"]}}],"collection":[{"href":"https:\/\/www.tucomarca.com\/wordpress\/segunda\/wp-json\/wp\/v2\/posts"}],"about":[{"href":"https:\/\/www.tucomarca.com\/wordpress\/segunda\/wp-json\/wp\/v2\/types\/post"}],"author":[{"embeddable":true,"href":"https:\/\/www.tucomarca.com\/wordpress\/segunda\/wp-json\/wp\/v2\/users\/1"}],"replies":[{"embeddable":true,"href":"https:\/\/www.tucomarca.com\/wordpress\/segunda\/wp-json\/wp\/v2\/comments?post=95702"}],"version-history":[{"count":0,"href":"https:\/\/www.tucomarca.com\/wordpress\/segunda\/wp-json\/wp\/v2\/posts\/95702\/revisions"}],"wp:featuredmedia":[{"embeddable":true,"href":"https:\/\/www.tucomarca.com\/wordpress\/segunda\/wp-json\/wp\/v2\/media\/95703"}],"wp:attachment":[{"href":"https:\/\/www.tucomarca.com\/wordpress\/segunda\/wp-json\/wp\/v2\/media?parent=95702"}],"wp:term":[{"taxonomy":"category","embeddable":true,"href":"https:\/\/www.tucomarca.com\/wordpress\/segunda\/wp-json\/wp\/v2\/categories?post=95702"},{"taxonomy":"post_tag","embeddable":true,"href":"https:\/\/www.tucomarca.com\/wordpress\/segunda\/wp-json\/wp\/v2\/tags?post=95702"}],"curies":[{"name":"wp","href":"https:\/\/api.w.org\/{rel}","templated":true}]}}