{"id":95706,"date":"2019-11-13T19:38:55","date_gmt":"2019-11-13T17:38:55","guid":{"rendered":"http:\/\/www.tucomarca.com\/wordpress\/segunda\/?p=95706"},"modified":"2019-11-13T19:39:04","modified_gmt":"2019-11-13T17:39:04","slug":"numerosas-actividades-completan-la-oferta-del-gran-premio-de-la-comunidad-en-cheste","status":"publish","type":"post","link":"https:\/\/www.tucomarca.com\/wordpress\/segunda\/numerosas-actividades-completan-la-oferta-del-gran-premio-de-la-comunidad-en-cheste\/","title":{"rendered":"Numerosas actividades completan la oferta del Gran Premio de la Comunidad en Cheste"},"content":{"rendered":"\n<p>El Gran Premio Motul de la Comunitat Valenciana, que se celebra este domingo 17 de noviembre en el Circuit Ricardo Tormo, genera una intensa agenda de actividades complementarias alrededor de la \u00faltima cita del Mundial de motociclismo.<\/p>\n\n\n\n<p>As\u00ed, el jueves 14 de noviembre, el Circuit concentrar\u00e1 una amplia oferta de eventos, como la tradicional visita al &#8216;paddock&#8217; a beneficio de la ONG Two Wheels For Life a mediod\u00eda o el &#8216;pit walk&#8217; vespertino para la afici\u00f3n, en el que durante una hora, de 17.30 a 18.30 horas, observan el trabajo que realizan los equipos en boxes.<\/p>\n\n\n\n<p>Sete Gibernau, Maria Herrera, Bradley Smith, H\u00e9ctor Garz\u00f3 y Matteo Ferrari, pilotos del Campeonato del Mundo de motos el\u00e9ctricas, protagonizar\u00e1n un &#8216;show&#8217; con aficionados a las 14 horas, previo a los primeros entrenamientos libres de la prueba reina.&nbsp;<\/p>\n\n\n\n<p>A las 17.00 horas comenzar\u00e1 la rueda de prensa oficial del Gran Premio, con la presencia de Marc M\u00e1rquez, Andrea Dovizioso, Maverick Vi\u00f1ales, Alex Rins, Valentino Rossi y Franco Morbidelli. A continuaci\u00f3n, el piloto valenciano m\u00e1s laureado, Jorge Mart\u00ednez &#8216;Aspar&#8217;, ser\u00e1 nombrado MotoGP Legend.&nbsp;<\/p>\n\n\n\n<p><strong>Fin de semana, dentro y fuera de pista<\/strong><\/p>\n\n\n\n<p>Los motores del Mundial arrancar\u00e1n el viernes por la ma\u00f1ana, con la primera sesi\u00f3n de entrenamientos libres de Moto3 a partir de las 9.00 horas. Las monturas de las tres categor\u00edas rodar\u00e1n sobre el trazado del Circuit Ricardo Tormo hasta las 15.50 horas, momento en el que saldr\u00e1n a pista las motos de la Cuna de Campeones y de MotoE.<\/p>\n\n\n\n<p>Asimismo, Feria Valencia acoger\u00e1 tambi\u00e9n el viernes 15 de noviembre la inauguraci\u00f3n de la feria 2 Ruedas, que por s\u00e9ptimo a\u00f1o consecutivo se celebra coincidiendo con la disputa del Gran Premio de la Comunitat Valenciana, y en la que participan m\u00e1s de un centenar de firmas. En su programa de actividades, la feria ofrece exhibiciones, m\u00fasica en directo, firmas de pilotos o propuestas gastron\u00f3micas.<\/p>\n\n\n\n<p>Tambi\u00e9n el viernes se celebrar\u00e1 en la plaza Doctor Cajal de Cheste la tradicional fiesta de bienvenida a la afici\u00f3n, con una programaci\u00f3n extensa que ofrece pantallas gigantes, m\u00fasica, degustaciones y diversi\u00f3n para todos los aficionados durante el fin de semana del Gran Premio.<\/p>\n\n\n\n<p>El s\u00e1bado se repetir\u00e1 el horario de pista, con las motos sobre el asfalto desde las 9.00 y hasta las 15.45 horas, con la disputa de la segunda tanda de entrenamientos libres durante la ma\u00f1ana y la sesi\u00f3n de calificaci\u00f3n a partir de mediod\u00eda.<\/p>\n\n\n\n<p>Al finalizar, tomar\u00e1n la pista, primero, las MotoE y, despu\u00e9s, los pilotos de la Cuna de Campeones para competir en la primera carrera del evento a 10 vueltas.<\/p>\n\n\n\n<p>El madrugador &#8216;warm up&#8217; (8.20 horas) permitir\u00e1 calentar motores el domingo. Este a\u00f1o los aficionados tendr\u00e1n que llegar antes para ver la gran final de MotoE, que empezar\u00e1 a las 10.00 horas.&nbsp;<\/p>\n\n\n\n<p>La carrera de Moto3 comenzar\u00e1, como es habitual, a las 11.00 horas (23 giros). A partir de las 12.20 horas ser\u00e1 el turno de Moto2 (25 vueltas) y el Gran Premio finalizar\u00e1 con la esperada carrera de MotoGP, programada a 27 vueltas y que dar\u00e1 inicio a las 14.00 horas.<\/p>\n\n\n\n<p>Como cada a\u00f1o, los aficionados con entrada de Tribuna de Boxes tendr\u00e1n la oportunidad de bajar a la recta de meta para ver en directo la entrega de premios de la carrera de MotoGP.<\/p>\n","protected":false},"excerpt":{"rendered":"<div class=\"mh-excerpt\">El Gran Premio Motul de la Comunitat Valenciana, que se celebra este domingo 17 de noviembre en el Circuit Ricardo Tormo, genera una intensa agenda de actividades complementarias alrededor de la \u00faltima cita del Mundial <a class=\"mh-excerpt-more\" href=\"https:\/\/www.tucomarca.com\/wordpress\/segunda\/numerosas-actividades-completan-la-oferta-del-gran-premio-de-la-comunidad-en-cheste\/\" title=\"Numerosas actividades completan la oferta del Gran Premio de la Comunidad en Cheste\">[+] <\/a><\/div>\n","protected":false},"author":1,"featured_media":95707,"comment_status":"open","ping_status":"open","sticky":false,"template":"","format":"standard","meta":{"footnotes":""},"categories":[17,6,72,10,91,3,45],"tags":[],"class_list":{"0":"post-95706","1":"post","2":"type-post","3":"status-publish","4":"format-standard","5":"has-post-thumbnail","7":"category-cheste","8":"category-deportes","9":"category-sin-categorizar","10":"category-la-hoya","11":"category-motociclismo","12":"category-seccion","13":"category-ventana"},"_links":{"self":[{"href":"https:\/\/www.tucomarca.com\/wordpress\/segunda\/wp-json\/wp\/v2\/posts\/95706","targetHints":{"allow":["GET"]}}],"collection":[{"href":"https:\/\/www.tucomarca.com\/wordpress\/segunda\/wp-json\/wp\/v2\/posts"}],"about":[{"href":"https:\/\/www.tucomarca.com\/wordpress\/segunda\/wp-json\/wp\/v2\/types\/post"}],"author":[{"embeddable":true,"href":"https:\/\/www.tucomarca.com\/wordpress\/segunda\/wp-json\/wp\/v2\/users\/1"}],"replies":[{"embeddable":true,"href":"https:\/\/www.tucomarca.com\/wordpress\/segunda\/wp-json\/wp\/v2\/comments?post=95706"}],"version-history":[{"count":0,"href":"https:\/\/www.tucomarca.com\/wordpress\/segunda\/wp-json\/wp\/v2\/posts\/95706\/revisions"}],"wp:featuredmedia":[{"embeddable":true,"href":"https:\/\/www.tucomarca.com\/wordpress\/segunda\/wp-json\/wp\/v2\/media\/95707"}],"wp:attachment":[{"href":"https:\/\/www.tucomarca.com\/wordpress\/segunda\/wp-json\/wp\/v2\/media?parent=95706"}],"wp:term":[{"taxonomy":"category","embeddable":true,"href":"https:\/\/www.tucomarca.com\/wordpress\/segunda\/wp-json\/wp\/v2\/categories?post=95706"},{"taxonomy":"post_tag","embeddable":true,"href":"https:\/\/www.tucomarca.com\/wordpress\/segunda\/wp-json\/wp\/v2\/tags?post=95706"}],"curies":[{"name":"wp","href":"https:\/\/api.w.org\/{rel}","templated":true}]}}