{"id":95724,"date":"2019-11-13T19:49:28","date_gmt":"2019-11-13T17:49:28","guid":{"rendered":"http:\/\/www.tucomarca.com\/wordpress\/segunda\/?p=95724"},"modified":"2019-11-13T19:52:46","modified_gmt":"2019-11-13T17:52:46","slug":"el-circuito-de-cheste-decide-el-primer-campeon-de-la-copa-del-mundo-de-motoe","status":"publish","type":"post","link":"https:\/\/www.tucomarca.com\/wordpress\/segunda\/el-circuito-de-cheste-decide-el-primer-campeon-de-la-copa-del-mundo-de-motoe\/","title":{"rendered":"El Circuito de Cheste decide el primer campe\u00f3n de la Copa del Mundo de MotoE"},"content":{"rendered":"\n<p><strong>El valenciano H\u00e9ctor Garz\u00f3, el italiano Matteo Ferrari y el brit\u00e1nico Bradley Smith son los principales candidatos para ganar un t\u00edtulo al que optan hasta una docena de pilotos&nbsp;<br>Durante el fin de semana se disputar\u00e1n dos carreras a 10 vueltas cada una con 50 puntos en juego<\/strong><\/p>\n\n\n\n<p>El Circuit Ricardo Tormo proclamar\u00e1 durante el Gran Premio Motul de la Comunitat Valenciana al primer campe\u00f3n del mundo de MotoE. El t\u00edtulo se decidir\u00e1 en las dos \u00faltimas carreras de la primera edici\u00f3n de la Copa del Mundo Enel MotoE y optan a \u00e9l hasta una docena de pilotos.&nbsp;<\/p>\n\n\n\n<p>El italiano Matteo Ferrari (Trentino Gresini MotoE), con 72 puntos tras el doblete conseguido en Misano, aterriza como l\u00edder en Cheste, con 19 puntos de ventaja sobre el valenciano H\u00e9ctor Garz\u00f3 (Tech3 E-Racing). Completa el tr\u00edo de m\u00e1ximos favoritos el brit\u00e1nico Bradley Smith (One Energy Racing).&nbsp;<\/p>\n\n\n\n<p>Con 50 puntos en juego en las dos carreras que restan, la n\u00f3mina de aspirantes incluye a pilotos como el valenciano Nico Terol (Openbank \u00c1ngel Nieto Team), Sete Gibernau (Pons40), Mike Di Meglio (Estrella Galicia 0,0 VDS) o Xavier Sim\u00e9on (Avintia Esponsorama). En la parrilla figuran tambi\u00e9n nombres como Mar\u00eda Herrera, Randy de Puniet o Eric Granado.&nbsp;<\/p>\n\n\n\n<p>El s\u00e1bado 16 de noviembre (16.15 horas) y el domingo 17 (10.05 horas) las 18 motos el\u00e9ctricas de la parrilla disputar\u00e1n las dos \u00faltimas carreras del a\u00f1o, tras las citas de Sachsenring, Spielberg y Misano, en las que las Energica Ego Corsa completar\u00e1n 10 vueltas al Circuit.&nbsp;<\/p>\n\n\n\n<p><strong>Cuna de Campeones: cierre del curso<\/strong><\/p>\n\n\n\n<p>Adem\u00e1s, la Cuna de Campeones, escuela de competici\u00f3n del Circuit Ricardo Tormo, celebrar\u00e1 su \u00faltima cita de la temporada durante el Gran Premio. Un total de 34 pilotos repartidos en las categor\u00edas PreMoto4 y Moto5 competir\u00e1n por la &#8216;pole&#8217; en los dos entrenamientos cronometrados del jueves (14.30 y 16.45 horas), mientras la carrera a 10 vueltas se reserva como plato fuerte para el viernes (17.15 horas).&nbsp;<\/p>\n\n\n\n<p>Asimismo, el s\u00e1bado se celebrar\u00e1 la gala de clausura de la temporada, en la que se entregar\u00e1n los trofeos y diplomas a los pilotos de todas las categor\u00edas de la Cuna. En PreMoto4, el alicantino Alberto Ferr\u00e1ndez se proclam\u00f3 campe\u00f3n por delante del mallorqu\u00edn Hugo Mar\u00edn y del madrile\u00f1o Marco Garc\u00eda, mientras el valenciano C\u00e9sar Parrilla se llev\u00f3 el t\u00edtulo de Moto5 por delante de otro mallorqu\u00edn, Fernando Bujosa, y del piloto de Villajoyosa, Xavi Vidal.<\/p>\n","protected":false},"excerpt":{"rendered":"<div class=\"mh-excerpt\">El valenciano H\u00e9ctor Garz\u00f3, el italiano Matteo Ferrari y el brit\u00e1nico Bradley Smith son los principales candidatos para ganar un t\u00edtulo al que optan hasta una docena de pilotos&nbsp;Durante el fin de semana se disputar\u00e1n <a class=\"mh-excerpt-more\" href=\"https:\/\/www.tucomarca.com\/wordpress\/segunda\/el-circuito-de-cheste-decide-el-primer-campeon-de-la-copa-del-mundo-de-motoe\/\" title=\"El Circuito de Cheste decide el primer campe\u00f3n de la Copa del Mundo de MotoE\">[+] <\/a><\/div>\n","protected":false},"author":12,"featured_media":95725,"comment_status":"open","ping_status":"open","sticky":false,"template":"","format":"standard","meta":{"footnotes":""},"categories":[17,6,72,10,91,3,45],"tags":[10477],"class_list":{"0":"post-95724","1":"post","2":"type-post","3":"status-publish","4":"format-standard","5":"has-post-thumbnail","7":"category-cheste","8":"category-deportes","9":"category-sin-categorizar","10":"category-la-hoya","11":"category-motociclismo","12":"category-seccion","13":"category-ventana","14":"tag-circuito-de-cheste"},"_links":{"self":[{"href":"https:\/\/www.tucomarca.com\/wordpress\/segunda\/wp-json\/wp\/v2\/posts\/95724","targetHints":{"allow":["GET"]}}],"collection":[{"href":"https:\/\/www.tucomarca.com\/wordpress\/segunda\/wp-json\/wp\/v2\/posts"}],"about":[{"href":"https:\/\/www.tucomarca.com\/wordpress\/segunda\/wp-json\/wp\/v2\/types\/post"}],"author":[{"embeddable":true,"href":"https:\/\/www.tucomarca.com\/wordpress\/segunda\/wp-json\/wp\/v2\/users\/12"}],"replies":[{"embeddable":true,"href":"https:\/\/www.tucomarca.com\/wordpress\/segunda\/wp-json\/wp\/v2\/comments?post=95724"}],"version-history":[{"count":0,"href":"https:\/\/www.tucomarca.com\/wordpress\/segunda\/wp-json\/wp\/v2\/posts\/95724\/revisions"}],"wp:featuredmedia":[{"embeddable":true,"href":"https:\/\/www.tucomarca.com\/wordpress\/segunda\/wp-json\/wp\/v2\/media\/95725"}],"wp:attachment":[{"href":"https:\/\/www.tucomarca.com\/wordpress\/segunda\/wp-json\/wp\/v2\/media?parent=95724"}],"wp:term":[{"taxonomy":"category","embeddable":true,"href":"https:\/\/www.tucomarca.com\/wordpress\/segunda\/wp-json\/wp\/v2\/categories?post=95724"},{"taxonomy":"post_tag","embeddable":true,"href":"https:\/\/www.tucomarca.com\/wordpress\/segunda\/wp-json\/wp\/v2\/tags?post=95724"}],"curies":[{"name":"wp","href":"https:\/\/api.w.org\/{rel}","templated":true}]}}