{"id":95757,"date":"2019-11-13T20:43:38","date_gmt":"2019-11-13T18:43:38","guid":{"rendered":"http:\/\/www.tucomarca.com\/wordpress\/segunda\/?p=95757"},"modified":"2019-11-13T20:43:45","modified_gmt":"2019-11-13T18:43:45","slug":"la-diputacio-y-el-consorcio-de-la-ribera-abordan-el-proyecto-de-reduccion-de-nitratos-life-libernitrate","status":"publish","type":"post","link":"https:\/\/www.tucomarca.com\/wordpress\/segunda\/la-diputacio-y-el-consorcio-de-la-ribera-abordan-el-proyecto-de-reduccion-de-nitratos-life-libernitrate\/","title":{"rendered":"La Diputaci\u00f3 y el Consorcio de La Ribera abordan el proyecto de reducci\u00f3n de nitratos Life LIbernitrate"},"content":{"rendered":"\n<p>El vicepresidente y diputado de Cooperaci\u00f3n Municipal, Coordinaci\u00f3n Institucional y Cohesi\u00f3n Territorial, Carlos Fern\u00e1ndez Bielsa, se ha reunido con el presidente del Consorcio de la Ribera, \u00d3scar Navarro, para tratar los detalles del proyecto Life Libernitrate, del que forma parte la Diputaci\u00f3n de Valencia.<br>\n&nbsp;<br>\nBielsa, responsable a su vez de Proyectos Europeos, ha explicado el responsable comarcal que la Diputaci\u00f3n potenciar\u00e1 el compromiso pol\u00edtico a nivel local sobre la contaminaci\u00f3n por nitratos y las medidas que puedan evitarla o minimizarla, a trav\u00e9s de jornadas formativas.<br>\n&nbsp;<br>\nEl papel de la corporaci\u00f3n provincial en este proyecto que persigue la reducci\u00f3n de nitratos es el de informar de la problem\u00e1tica de la contaminaci\u00f3n a los municipios, dinamizando debates con los ciudadanos y con los cargos electos en los diferentes ayuntamientos, mancomunidades y entidades locales.<\/p>\n","protected":false},"excerpt":{"rendered":"<div class=\"mh-excerpt\">El vicepresidente y diputado de Cooperaci\u00f3n Municipal, Coordinaci\u00f3n Institucional y Cohesi\u00f3n Territorial, Carlos Fern\u00e1ndez Bielsa, se ha reunido con el presidente del Consorcio de la Ribera, \u00d3scar Navarro, para tratar los detalles del proyecto Life <a class=\"mh-excerpt-more\" href=\"https:\/\/www.tucomarca.com\/wordpress\/segunda\/la-diputacio-y-el-consorcio-de-la-ribera-abordan-el-proyecto-de-reduccion-de-nitratos-life-libernitrate\/\" title=\"La Diputaci\u00f3 y el Consorcio de La Ribera abordan el proyecto de reducci\u00f3n de nitratos Life LIbernitrate\">[+] <\/a><\/div>\n","protected":false},"author":1,"featured_media":95755,"comment_status":"open","ping_status":"open","sticky":false,"template":"","format":"standard","meta":{"footnotes":""},"categories":[169,128,8,72,42,117,142,3],"tags":[],"class_list":{"0":"post-95757","1":"post","2":"type-post","3":"status-publish","4":"format-standard","5":"has-post-thumbnail","7":"category-agricultura-la-comarca","8":"category-infraestructuras","9":"category-la-comarca","10":"category-sin-categorizar","11":"category-la-ribera","12":"category-medio-ambiente-la-comarca","13":"category-politica-la-comarca","14":"category-seccion"},"_links":{"self":[{"href":"https:\/\/www.tucomarca.com\/wordpress\/segunda\/wp-json\/wp\/v2\/posts\/95757","targetHints":{"allow":["GET"]}}],"collection":[{"href":"https:\/\/www.tucomarca.com\/wordpress\/segunda\/wp-json\/wp\/v2\/posts"}],"about":[{"href":"https:\/\/www.tucomarca.com\/wordpress\/segunda\/wp-json\/wp\/v2\/types\/post"}],"author":[{"embeddable":true,"href":"https:\/\/www.tucomarca.com\/wordpress\/segunda\/wp-json\/wp\/v2\/users\/1"}],"replies":[{"embeddable":true,"href":"https:\/\/www.tucomarca.com\/wordpress\/segunda\/wp-json\/wp\/v2\/comments?post=95757"}],"version-history":[{"count":0,"href":"https:\/\/www.tucomarca.com\/wordpress\/segunda\/wp-json\/wp\/v2\/posts\/95757\/revisions"}],"wp:featuredmedia":[{"embeddable":true,"href":"https:\/\/www.tucomarca.com\/wordpress\/segunda\/wp-json\/wp\/v2\/media\/95755"}],"wp:attachment":[{"href":"https:\/\/www.tucomarca.com\/wordpress\/segunda\/wp-json\/wp\/v2\/media?parent=95757"}],"wp:term":[{"taxonomy":"category","embeddable":true,"href":"https:\/\/www.tucomarca.com\/wordpress\/segunda\/wp-json\/wp\/v2\/categories?post=95757"},{"taxonomy":"post_tag","embeddable":true,"href":"https:\/\/www.tucomarca.com\/wordpress\/segunda\/wp-json\/wp\/v2\/tags?post=95757"}],"curies":[{"name":"wp","href":"https:\/\/api.w.org\/{rel}","templated":true}]}}