{"id":96014,"date":"2019-11-18T15:26:26","date_gmt":"2019-11-18T13:26:26","guid":{"rendered":"http:\/\/www.tucomarca.com\/wordpress\/segunda\/?p=96014"},"modified":"2019-11-18T15:27:09","modified_gmt":"2019-11-18T13:27:09","slug":"la-guardia-civil-realiza-una-vuelta-de-honor-con-motivo-del-175-aniversario-de-su-creacion-en-el-circuito-de-cheste","status":"publish","type":"post","link":"https:\/\/www.tucomarca.com\/wordpress\/segunda\/la-guardia-civil-realiza-una-vuelta-de-honor-con-motivo-del-175-aniversario-de-su-creacion-en-el-circuito-de-cheste\/","title":{"rendered":"La Guardia Civil realiza una vuelta de honor en el Circuito de Cheste con motivo del 175 aniversario de su creaci\u00f3n"},"content":{"rendered":"\n<p>Durante los d\u00edas 15,16 y 17 de noviembre se ha celebrado la ultima prueba puntuable del Campeonato del Mundo de Velocidad de la Comunitat Valenciana, en el circuito \u201cRicardo Tormo\u201d de Cheste trascurriendo con total normalidad.<\/p>\n\n\n\n<p>Como novedad este a\u00f1o al tratarse del 175 aniversario de la fundaci\u00f3n del Cuerpo de la Guardia Civil se ha realizado una exposici\u00f3n con varias motos de \u00e9poca y se han repartido obsequios para la celebraci\u00f3n de este hito hist\u00f3rico. Adem\u00e1s el domingo instantes antes de comenzar la \u00faltima prueba de la competici\u00f3n se realizo una vuelta de honor donde participaron la Agrupaci\u00f3n de Trafico, Seprona, Seguridad Ciudadana, Grupo de Reserva y Seguridad y Grupo de Acci\u00f3n R\u00e1pida, conjuntamente con el Servicio A\u00e9reo, en representaci\u00f3n de todas la especialidades.<\/p>\n\n\n\n<p>Como a\u00f1os anteriores la Guardia Civil ha sido la encargada en colaboraci\u00f3n con Unidad Adscrita de la Polic\u00eda Nacional, seguridad privada y miembros del circuito de garantizar la seguridad no solo en lo que respecta al circuito en si, si no tambi\u00e9n a la concentraci\u00f3n de aficionados en la localidad de&nbsp; Cheste durante las noches de los d\u00edas 15 y 16 en coordinaci\u00f3n con la excelente labor de la Polic\u00eda Local y Protecci\u00f3n Civil.<\/p>\n\n\n\n<p>Este operativo se ha reforzado como motivo del aumento de espectadores, y el nivel de alerta, contando con un despliegue compuesto por agentes de las siguientes unidades:<\/p>\n\n\n\n<ul class=\"wp-block-list\"><li>Unidades de Seguridad Ciudadana, tanto gen\u00e9ricas como especializadas.<\/li><li>Subsector de Tr\u00e1fico.<\/li><li>Unidades de Grupo de Reserva y Seguridad.<\/li><li>Escuadr\u00f3n de Caballer\u00eda.<\/li><li>Equipos de Polic\u00eda Judicial e Informaci\u00f3n.<\/li><li>Helic\u00f3pteros del Servicio A\u00e9reo con sistema de captaci\u00f3n y transmisi\u00f3n de im\u00e1genes.<\/li><li>T\u00e9cnicos Especialistas en desactivaci\u00f3n de Explosivos<\/li><li>Unidades caninas de explosivos y estupefacientes.<\/li><li>Patrullas de Seprona<\/li><li>Unidad m\u00f3vil sat\u00e9lite para captaci\u00f3n\/ trasmisi\u00f3n y conexi\u00f3n intranet<\/li><li>Unidad de subsuelo.<\/li><li>GAR<\/li><\/ul>\n\n\n\n<p>Resaltar que gracias al eficiente operativo el evento se ha saldado sin ning\u00fan tipo de incidente grave que haya empa\u00f1ado la normal celebraci\u00f3n del Campeonato del Mundo.<br><\/p>\n","protected":false},"excerpt":{"rendered":"<div class=\"mh-excerpt\">Durante los d\u00edas 15,16 y 17 de noviembre se ha celebrado la ultima prueba puntuable del Campeonato del Mundo de Velocidad de la Comunitat Valenciana, en el circuito \u201cRicardo Tormo\u201d de Cheste trascurriendo con total <a class=\"mh-excerpt-more\" href=\"https:\/\/www.tucomarca.com\/wordpress\/segunda\/la-guardia-civil-realiza-una-vuelta-de-honor-con-motivo-del-175-aniversario-de-su-creacion-en-el-circuito-de-cheste\/\" title=\"La Guardia Civil realiza una vuelta de honor en el Circuito de Cheste con motivo del 175 aniversario de su creaci\u00f3n\">[+] <\/a><\/div>\n","protected":false},"author":1,"featured_media":96015,"comment_status":"open","ping_status":"open","sticky":false,"template":"","format":"standard","meta":{"footnotes":""},"categories":[17,6,128,8,72,10,91,3,116,45],"tags":[],"class_list":{"0":"post-96014","1":"post","2":"type-post","3":"status-publish","4":"format-standard","5":"has-post-thumbnail","7":"category-cheste","8":"category-deportes","9":"category-infraestructuras","10":"category-la-comarca","11":"category-sin-categorizar","12":"category-la-hoya","13":"category-motociclismo","14":"category-seccion","15":"category-sucesos-la-comarca","16":"category-ventana"},"_links":{"self":[{"href":"https:\/\/www.tucomarca.com\/wordpress\/segunda\/wp-json\/wp\/v2\/posts\/96014","targetHints":{"allow":["GET"]}}],"collection":[{"href":"https:\/\/www.tucomarca.com\/wordpress\/segunda\/wp-json\/wp\/v2\/posts"}],"about":[{"href":"https:\/\/www.tucomarca.com\/wordpress\/segunda\/wp-json\/wp\/v2\/types\/post"}],"author":[{"embeddable":true,"href":"https:\/\/www.tucomarca.com\/wordpress\/segunda\/wp-json\/wp\/v2\/users\/1"}],"replies":[{"embeddable":true,"href":"https:\/\/www.tucomarca.com\/wordpress\/segunda\/wp-json\/wp\/v2\/comments?post=96014"}],"version-history":[{"count":0,"href":"https:\/\/www.tucomarca.com\/wordpress\/segunda\/wp-json\/wp\/v2\/posts\/96014\/revisions"}],"wp:featuredmedia":[{"embeddable":true,"href":"https:\/\/www.tucomarca.com\/wordpress\/segunda\/wp-json\/wp\/v2\/media\/96015"}],"wp:attachment":[{"href":"https:\/\/www.tucomarca.com\/wordpress\/segunda\/wp-json\/wp\/v2\/media?parent=96014"}],"wp:term":[{"taxonomy":"category","embeddable":true,"href":"https:\/\/www.tucomarca.com\/wordpress\/segunda\/wp-json\/wp\/v2\/categories?post=96014"},{"taxonomy":"post_tag","embeddable":true,"href":"https:\/\/www.tucomarca.com\/wordpress\/segunda\/wp-json\/wp\/v2\/tags?post=96014"}],"curies":[{"name":"wp","href":"https:\/\/api.w.org\/{rel}","templated":true}]}}