{"id":96250,"date":"2019-11-22T18:05:35","date_gmt":"2019-11-22T16:05:35","guid":{"rendered":"http:\/\/www.tucomarca.com\/wordpress\/segunda\/?p=96250"},"modified":"2019-11-22T18:05:44","modified_gmt":"2019-11-22T16:05:44","slug":"gabriela-bravo-inaugura-la-exposicion-paredes-que-hablan-para-denunciar-el-silencio-que-se-genera-en-torno-a-la-violencia-de-genero","status":"publish","type":"post","link":"https:\/\/www.tucomarca.com\/wordpress\/segunda\/gabriela-bravo-inaugura-la-exposicion-paredes-que-hablan-para-denunciar-el-silencio-que-se-genera-en-torno-a-la-violencia-de-genero\/","title":{"rendered":"Gabriela Bravo inaugura la exposici\u00f3n &#8216;Paredes que hablan&#8217; para denunciar el silencio que se genera en torno a la violencia de g\u00e9nero"},"content":{"rendered":"\n<p><strong>La consellera de Justicia destaca que la muestra, que se podr\u00e1 visitar hasta el 29 de noviembre en la Ciudad de la Justicia de Valencia, sirve para concienciar a toda la sociedad y animar a las v\u00edctimas a denunciar<\/strong><\/p>\n\n\n\n<p>La consellera de Justicia, Interior y Administraci\u00f3n P\u00fablica, Gabriela Bravo, ha inaugurado la exposici\u00f3n &#8216;Paredes que hablan&#8217; en la Ciudad de la Justicia de Val\u00e8ncia. Esta instalaci\u00f3n -que combina arte y tecnolog\u00eda,- se configura con cuatro paredes en cuyo interior, un dispositivo de audio reproduce testimonios reales de v\u00edctimas de violencia de g\u00e9nero y que pueden ser escuchados al acercar la oreja a ellas.&nbsp;<\/p>\n\n\n\n<p>La muestra ha sido organizada por la Fundaci\u00f3n Mujeres y el Fondo de Becas Fiscal Soledad Cazorla, con la colaboraci\u00f3n de la agencia TBWA y la Conselleria de Justicia, Interior y Administraci\u00f3n P\u00fablica, la cual ha cedido el espacio en el complejo judicial valenciano donde se podr\u00e1 visitar hasta el pr\u00f3ximo 29 de noviembre.&nbsp;<\/p>\n\n\n\n<p>Anteriormente, la exposici\u00f3n se ha exhibido en la estaci\u00f3n ferroviaria Puerta de Atocha de Madrid y en la de Delicias de Zaragoza y, tras Val\u00e8ncia, lo har\u00e1 en Barcelona y Sevilla.&nbsp;<\/p>\n\n\n\n<p>La consellera Gabriela Bravo ha explicado que el t\u00edtulo de la exposici\u00f3n, -&#8216;Paredes que hablan&#8217;- define como esta expresi\u00f3n coloquial, \u00abha sido c\u00f3mplice de susurros de impotencia y de silencios viscosos que ocultaban el drama del terrorismo machista\u00bb. Una expresi\u00f3n que, a su juicio \u00abno era un deseo ni una reivindicaci\u00f3n, sino una excusa cobarde para no decir nada y no hacer nada. Hasta ahora.\u00bb&nbsp;<\/p>\n\n\n\n<p>Por ello, Bravo ha destacado la importancia de iniciativas como esta exhibici\u00f3n para dar voz a las v\u00edctimas de violencia de g\u00e9nero y concienciar a toda la sociedad de romper el silencio y, en el caso de las mujeres que sufren maltrato, denunciar. \u00abLas paredes deben hablar y esas paredes son los vecinos y las familias que tienen que presentar denuncias cuando tengan conocimiento de un delito y tienen que ayudar a las mujeres a salir de ese c\u00edrculo\u00bb, ha reclamado.&nbsp;<\/p>\n\n\n\n<p>La consellera de Justicia ha recordado que de las 50 mujeres asesinadas en 2019 en Espa\u00f1a -siete de ellas en la Comunitat Valenciana- en 11 de los casos hab\u00eda denuncias previas contra los maltratadores y 32 de ellas a\u00fan conviv\u00edan con los agresores. Por ello, ha insistido en que las mujeres que sufren maltrato deben denunciar a sus agresores para que la Administraci\u00f3n y la Justicia puedan actuar. Y m\u00e1s al considerar que la violencia contra las mujeres a\u00fan provoca m\u00e1s dolor como muestra el hecho de que, este a\u00f1o, \u00abdos menores han sido asesinados por sus propios padres y hay 41 hu\u00e9rfanas y hu\u00e9rfanos\u00bb, ha dicho.&nbsp;<\/p>\n\n\n\n<p>Precisamente porque el terrorismo machista causa tambi\u00e9n otras v\u00edctimas en los menores que quedan, tal y como ha dicho la consellera \u00abcon una madre muerta y un padre en prisi\u00f3n\u00bb, la consellera ha elogiado el trabajo del Fondo de Becas Fiscal Soledad Cazorla, creado por los familiares de la que fue la primera fiscal de Sala del Tribunal Supremo especializada en violencia de g\u00e9nero y que colabora con esta exposici\u00f3n.&nbsp;<\/p>\n\n\n\n<p>Esta organizaci\u00f3n ben\u00e9fica ofrece ayudas para el desarrollo personal, apoyo educativo y reparaci\u00f3n del da\u00f1o ocasionado a las ni\u00f1as y ni\u00f1os que han perdido a su madre.&nbsp;<\/p>\n\n\n\n<p>En este sentido, para Gabriela Bravo, el Fondo de Becas es \u00abel mejor modo de mantener vivo el recuerdo y la trayectoria de una fiscal, como Soledad Cazorla, que fue y ser\u00e1 ejemplo e inspiraci\u00f3n para toda la carrera fiscal por su excelencia jur\u00eddica y profesional y para toda la ciudadan\u00eda en general por su compromiso con la igualdad y el deseo de conseguir, entre todos, una sociedad mejor\u00bb, ha concluido.<\/p>\n","protected":false},"excerpt":{"rendered":"<div class=\"mh-excerpt\">La consellera de Justicia destaca que la muestra, que se podr\u00e1 visitar hasta el 29 de noviembre en la Ciudad de la Justicia de Valencia, sirve para concienciar a toda la sociedad y animar a <a class=\"mh-excerpt-more\" href=\"https:\/\/www.tucomarca.com\/wordpress\/segunda\/gabriela-bravo-inaugura-la-exposicion-paredes-que-hablan-para-denunciar-el-silencio-que-se-genera-en-torno-a-la-violencia-de-genero\/\" title=\"Gabriela Bravo inaugura la exposici\u00f3n &#8216;Paredes que hablan&#8217; para denunciar el silencio que se genera en torno a la violencia de g\u00e9nero\">[+] <\/a><\/div>\n","protected":false},"author":12,"featured_media":96252,"comment_status":"open","ping_status":"open","sticky":false,"template":"","format":"standard","meta":{"footnotes":""},"categories":[128,8,72,142,3,45],"tags":[952],"class_list":{"0":"post-96250","1":"post","2":"type-post","3":"status-publish","4":"format-standard","5":"has-post-thumbnail","7":"category-infraestructuras","8":"category-la-comarca","9":"category-sin-categorizar","10":"category-politica-la-comarca","11":"category-seccion","12":"category-ventana","13":"tag-violencia-de-genero"},"_links":{"self":[{"href":"https:\/\/www.tucomarca.com\/wordpress\/segunda\/wp-json\/wp\/v2\/posts\/96250","targetHints":{"allow":["GET"]}}],"collection":[{"href":"https:\/\/www.tucomarca.com\/wordpress\/segunda\/wp-json\/wp\/v2\/posts"}],"about":[{"href":"https:\/\/www.tucomarca.com\/wordpress\/segunda\/wp-json\/wp\/v2\/types\/post"}],"author":[{"embeddable":true,"href":"https:\/\/www.tucomarca.com\/wordpress\/segunda\/wp-json\/wp\/v2\/users\/12"}],"replies":[{"embeddable":true,"href":"https:\/\/www.tucomarca.com\/wordpress\/segunda\/wp-json\/wp\/v2\/comments?post=96250"}],"version-history":[{"count":0,"href":"https:\/\/www.tucomarca.com\/wordpress\/segunda\/wp-json\/wp\/v2\/posts\/96250\/revisions"}],"wp:featuredmedia":[{"embeddable":true,"href":"https:\/\/www.tucomarca.com\/wordpress\/segunda\/wp-json\/wp\/v2\/media\/96252"}],"wp:attachment":[{"href":"https:\/\/www.tucomarca.com\/wordpress\/segunda\/wp-json\/wp\/v2\/media?parent=96250"}],"wp:term":[{"taxonomy":"category","embeddable":true,"href":"https:\/\/www.tucomarca.com\/wordpress\/segunda\/wp-json\/wp\/v2\/categories?post=96250"},{"taxonomy":"post_tag","embeddable":true,"href":"https:\/\/www.tucomarca.com\/wordpress\/segunda\/wp-json\/wp\/v2\/tags?post=96250"}],"curies":[{"name":"wp","href":"https:\/\/api.w.org\/{rel}","templated":true}]}}