{"id":96315,"date":"2019-11-22T16:10:49","date_gmt":"2019-11-22T14:10:49","guid":{"rendered":"http:\/\/www.tucomarca.com\/wordpress\/segunda\/?p=96315"},"modified":"2019-11-22T16:10:58","modified_gmt":"2019-11-22T14:10:58","slug":"el-pspv-psoe-de-bunol-consulta-a-la-militancia-sobre-su-pacto-con-unidas-podemos-este-sabado-en-el-local-de-la-ugt","status":"publish","type":"post","link":"https:\/\/www.tucomarca.com\/wordpress\/segunda\/el-pspv-psoe-de-bunol-consulta-a-la-militancia-sobre-su-pacto-con-unidas-podemos-este-sabado-en-el-local-de-la-ugt\/","title":{"rendered":"El PSPV-PSOE de Bu\u00f1ol  consulta a la militancia sobre su pacto con Unidas Podemos este s\u00e1bado en el local de la UGT"},"content":{"rendered":"\n<p>La agrupaci\u00f3n local del PSPV-PSOE de Bu\u00f1ol tiene previsto hacer la consulta vinculante a la militancia, tal como se acord\u00f3 en el \u00faltimo congreso del partido, para que esta ratifique, o no, el preacuerdo de gobierno al que ha llegado la formaci\u00f3n del pu\u00f1o y la rosa con la coalici\u00f3n electoral Unidas Podemos para el gobierno de Espa\u00f1a.<\/p>\n\n\n\n<p>El voto presencial para los militantes de la agrupaci\u00f3n de Bu\u00f1ol se ha previsto para este s\u00e1bado d\u00eda 23, desde las 11,00 a las 15,00 horas en la propia Casa del Pueblo, situada en calle Cid, n\u00famero 19.<\/p>\n","protected":false},"excerpt":{"rendered":"<div class=\"mh-excerpt\">La agrupaci\u00f3n local del PSPV-PSOE de Bu\u00f1ol tiene previsto hacer la consulta vinculante a la militancia, tal como se acord\u00f3 en el \u00faltimo congreso del partido, para que esta ratifique, o no, el preacuerdo de <a class=\"mh-excerpt-more\" href=\"https:\/\/www.tucomarca.com\/wordpress\/segunda\/el-pspv-psoe-de-bunol-consulta-a-la-militancia-sobre-su-pacto-con-unidas-podemos-este-sabado-en-el-local-de-la-ugt\/\" title=\"El PSPV-PSOE de Bu\u00f1ol  consulta a la militancia sobre su pacto con Unidas Podemos este s\u00e1bado en el local de la UGT\">[+] <\/a><\/div>\n","protected":false},"author":12,"featured_media":96321,"comment_status":"open","ping_status":"open","sticky":false,"template":"","format":"standard","meta":{"footnotes":""},"categories":[4,18,8,10,142,3],"tags":[11380],"class_list":{"0":"post-96315","1":"post","2":"type-post","3":"status-publish","4":"format-standard","5":"has-post-thumbnail","7":"category-agenda","8":"category-bunol","9":"category-la-comarca","10":"category-la-hoya","11":"category-politica-la-comarca","12":"category-seccion","13":"tag-pspv-psoe-bunol"},"_links":{"self":[{"href":"https:\/\/www.tucomarca.com\/wordpress\/segunda\/wp-json\/wp\/v2\/posts\/96315","targetHints":{"allow":["GET"]}}],"collection":[{"href":"https:\/\/www.tucomarca.com\/wordpress\/segunda\/wp-json\/wp\/v2\/posts"}],"about":[{"href":"https:\/\/www.tucomarca.com\/wordpress\/segunda\/wp-json\/wp\/v2\/types\/post"}],"author":[{"embeddable":true,"href":"https:\/\/www.tucomarca.com\/wordpress\/segunda\/wp-json\/wp\/v2\/users\/12"}],"replies":[{"embeddable":true,"href":"https:\/\/www.tucomarca.com\/wordpress\/segunda\/wp-json\/wp\/v2\/comments?post=96315"}],"version-history":[{"count":0,"href":"https:\/\/www.tucomarca.com\/wordpress\/segunda\/wp-json\/wp\/v2\/posts\/96315\/revisions"}],"wp:featuredmedia":[{"embeddable":true,"href":"https:\/\/www.tucomarca.com\/wordpress\/segunda\/wp-json\/wp\/v2\/media\/96321"}],"wp:attachment":[{"href":"https:\/\/www.tucomarca.com\/wordpress\/segunda\/wp-json\/wp\/v2\/media?parent=96315"}],"wp:term":[{"taxonomy":"category","embeddable":true,"href":"https:\/\/www.tucomarca.com\/wordpress\/segunda\/wp-json\/wp\/v2\/categories?post=96315"},{"taxonomy":"post_tag","embeddable":true,"href":"https:\/\/www.tucomarca.com\/wordpress\/segunda\/wp-json\/wp\/v2\/tags?post=96315"}],"curies":[{"name":"wp","href":"https:\/\/api.w.org\/{rel}","templated":true}]}}