{"id":96381,"date":"2019-11-25T15:19:26","date_gmt":"2019-11-25T13:19:26","guid":{"rendered":"http:\/\/www.tucomarca.com\/wordpress\/segunda\/?p=96381"},"modified":"2019-11-25T15:19:32","modified_gmt":"2019-11-25T13:19:32","slug":"divalterra-prepara-ya-el-plan-de-trabajo-anual-de-las-brigadas-forestales-de-la-diputacio-para-2020","status":"publish","type":"post","link":"https:\/\/www.tucomarca.com\/wordpress\/segunda\/divalterra-prepara-ya-el-plan-de-trabajo-anual-de-las-brigadas-forestales-de-la-diputacio-para-2020\/","title":{"rendered":"Divalterra prepara ya el plan de trabajo anual de las Brigadas Forestales de la Diputaci\u00f3 para 2020"},"content":{"rendered":"\n<p>Los ayuntamientos valencianos pueden gestionar ya las solicitudes de trabajos de las brigadas forestales de la Diputaci\u00f3 de Val\u00e8ncia para el a\u00f1o 2020.<\/p>\n\n\n\n<p>A trav\u00e9s de un formulario alojado en el portal web de Divalterra los t\u00e9cnicos de los consistorios tienen de plazo hasta el pr\u00f3ximo 15 de diciembre para presentar sus propuestas. Posteriormente a esta fecha, \u00fanicamente se considerar\u00e1n las peticiones de trabajos puntuales asociados a emergencias y urgencias.<\/p>\n\n\n\n<p>Para facilitar el proceso, desde Divalterra se ha hecho llegar a cada ayuntamiento un informe en el que se detalla el estado de los trabajos solicitados de forma anterior. As\u00ed, las actuaciones recurrentes no requieren nuevas solicitudes; como tampoco las actuaciones que no han podido ser ejecutadas durante 2019 debido a la alta demanda registrada.<\/p>\n\n\n\n<p>Asimismo, a trav\u00e9s del visor cartogr\u00e1fico del Sistema Integrado de Gesti\u00f3n de Incendios Forestales (SIGIF), los t\u00e9cnicos municipales pueden consultar tanto los trabajos selv\u00edcolas de las brigadas forestales de la Diputaci\u00f3, como las actuaciones programadas por las diferentes administraciones. Esto aporta una visi\u00f3n global de los procesos y facilita el trabajo de los t\u00e9cnicos municipales.<\/p>\n\n\n\n<p>Por otro lado, Divalterra se ha puesto en contacto con los ayuntamientos que no han solicitado trabajos de las brigadas forestales para informarles de este servicio, con el objetivo de llegar a la mayor cantidad de municipios de la provincia de Valencia.&nbsp;<\/p>\n\n\n\n<p><strong>Evaluaci\u00f3n y priorizaci\u00f3n de trabajos<\/strong><\/p>\n\n\n\n<p>Las solicitudes que se reciban en Divalterra son priorizadas por una Comisi\u00f3n de Seguimiento, en la que est\u00e1n representados el Consorcio Provincial de Bomberos, el Servicio de Medio Ambiente de la Diputaci\u00f3 de Val\u00e8ncia y la Direcci\u00f3n de Brigadas Forestales de Divalterra.&nbsp;<\/p>\n\n\n\n<p>Esta comisi\u00f3n ha establecido los criterios para la elaboraci\u00f3n del Plan de Trabajo de 2020, en funci\u00f3n de factores como el riesgo de incendio forestal, de la presencia de Espacios Naturales Protegidos, de que la actuaci\u00f3n est\u00e9 incluida dentro de un Plan de Prevenci\u00f3n de Incendios -especialmente el local- y del tipo de intervenci\u00f3n.<\/p>\n\n\n\n<p>As\u00ed, las actuaciones prioritarias se desarrollar\u00e1n en \u00e1reas recreativas, zonas de elevada afluencia y zonas de interfaz urbano forestal. De igual forma, todos aquellos trabajos que implican la adecuaci\u00f3n de la vegetaci\u00f3n en el entorno de puntos de agua o caminos forestales y el mantenimiento o ejecuci\u00f3n de \u00e1reas cortafuegos y fajas auxiliares ocupar\u00e1n la mayor parte del tiempo de la labor selv\u00edcola de las brigadas de Divalterra.<\/p>\n\n\n\n<p>Para intervenir en un cauce, \u00e9ste deber\u00e1 de estar a menos de 50 metros de zonas de interfaz urbano forestal y el ayuntamiento ha de comprometerse a su mantenimiento, ya que en caso contrario, la actuaci\u00f3n carece de efectividad.<\/p>\n\n\n\n<p>Por otro lado, las actuaciones de vigilancia en festivos y competiciones deportivas o actos multitudinarios en entorno forestal no se tramitar\u00e1n mediante formulario, sino a trav\u00e9s del Consorcio Provincial de Bomberos. Tampoco se adecuar\u00e1n caminos o sendas para competiciones deportivas ni aquellas inaccesibles para veh\u00edculos, debido a los problemas que genera para movilizar a la brigada en caso de emergencia.<br><\/p>\n","protected":false},"excerpt":{"rendered":"<div class=\"mh-excerpt\">Los ayuntamientos valencianos pueden gestionar ya las solicitudes de trabajos de las brigadas forestales de la Diputaci\u00f3 de Val\u00e8ncia para el a\u00f1o 2020. A trav\u00e9s de un formulario alojado en el portal web de Divalterra <a class=\"mh-excerpt-more\" href=\"https:\/\/www.tucomarca.com\/wordpress\/segunda\/divalterra-prepara-ya-el-plan-de-trabajo-anual-de-las-brigadas-forestales-de-la-diputacio-para-2020\/\" title=\"Divalterra prepara ya el plan de trabajo anual de las Brigadas Forestales de la Diputaci\u00f3 para 2020\">[+] <\/a><\/div>\n","protected":false},"author":1,"featured_media":96382,"comment_status":"open","ping_status":"open","sticky":false,"template":"","format":"standard","meta":{"footnotes":""},"categories":[49,169,38,46,128,70,8,72,10,42,59,117,142,27,3],"tags":[3677],"class_list":{"0":"post-96381","1":"post","2":"type-post","3":"status-publish","4":"format-standard","5":"has-post-thumbnail","7":"category-ademuz","8":"category-agricultura-la-comarca","9":"category-ayora-cofrentes","10":"category-camp-de-turia","11":"category-infraestructuras","12":"category-la-canal-de-navarres","13":"category-la-comarca","14":"category-sin-categorizar","15":"category-la-hoya","16":"category-la-ribera","17":"category-los-serranos","18":"category-medio-ambiente-la-comarca","19":"category-politica-la-comarca","20":"category-requena-utiel","21":"category-seccion","22":"tag-diputacio-de-valencia"},"_links":{"self":[{"href":"https:\/\/www.tucomarca.com\/wordpress\/segunda\/wp-json\/wp\/v2\/posts\/96381","targetHints":{"allow":["GET"]}}],"collection":[{"href":"https:\/\/www.tucomarca.com\/wordpress\/segunda\/wp-json\/wp\/v2\/posts"}],"about":[{"href":"https:\/\/www.tucomarca.com\/wordpress\/segunda\/wp-json\/wp\/v2\/types\/post"}],"author":[{"embeddable":true,"href":"https:\/\/www.tucomarca.com\/wordpress\/segunda\/wp-json\/wp\/v2\/users\/1"}],"replies":[{"embeddable":true,"href":"https:\/\/www.tucomarca.com\/wordpress\/segunda\/wp-json\/wp\/v2\/comments?post=96381"}],"version-history":[{"count":0,"href":"https:\/\/www.tucomarca.com\/wordpress\/segunda\/wp-json\/wp\/v2\/posts\/96381\/revisions"}],"wp:featuredmedia":[{"embeddable":true,"href":"https:\/\/www.tucomarca.com\/wordpress\/segunda\/wp-json\/wp\/v2\/media\/96382"}],"wp:attachment":[{"href":"https:\/\/www.tucomarca.com\/wordpress\/segunda\/wp-json\/wp\/v2\/media?parent=96381"}],"wp:term":[{"taxonomy":"category","embeddable":true,"href":"https:\/\/www.tucomarca.com\/wordpress\/segunda\/wp-json\/wp\/v2\/categories?post=96381"},{"taxonomy":"post_tag","embeddable":true,"href":"https:\/\/www.tucomarca.com\/wordpress\/segunda\/wp-json\/wp\/v2\/tags?post=96381"}],"curies":[{"name":"wp","href":"https:\/\/api.w.org\/{rel}","templated":true}]}}