{"id":96496,"date":"2019-11-25T22:30:10","date_gmt":"2019-11-25T20:30:10","guid":{"rendered":"http:\/\/www.tucomarca.com\/wordpress\/segunda\/?p=96496"},"modified":"2019-11-25T22:30:13","modified_gmt":"2019-11-25T20:30:13","slug":"los-representantes-de-sinarcas-titaguas-catarroja-y-chiva-entran-en-la-junta-de-gobierno-del-consorcio-provincial-de-bomberos","status":"publish","type":"post","link":"https:\/\/www.tucomarca.com\/wordpress\/segunda\/los-representantes-de-sinarcas-titaguas-catarroja-y-chiva-entran-en-la-junta-de-gobierno-del-consorcio-provincial-de-bomberos\/","title":{"rendered":"Los representantes de Sinarcas, Titaguas, Catarroja y Chiva entran en la Junta de Gobierno del Consorcio Provincial de Bomberos"},"content":{"rendered":"\n<figure class=\"wp-block-image\"><img loading=\"lazy\" decoding=\"async\" width=\"1024\" height=\"665\" src=\"https:\/\/www.tucomarca.com\/wordpress\/segunda\/wp-content\/uploads\/2019\/11\/BomberosDipu2-1024x665.jpg\" alt=\"El Consorcio Provincial de Bomberos ha constituido su nueva Junta de Gobierno.\" class=\"wp-image-96499\" srcset=\"https:\/\/www.tucomarca.com\/wordpress\/segunda\/wp-content\/uploads\/2019\/11\/BomberosDipu2-1024x665.jpg 1024w, https:\/\/www.tucomarca.com\/wordpress\/segunda\/wp-content\/uploads\/2019\/11\/BomberosDipu2-300x195.jpg 300w, https:\/\/www.tucomarca.com\/wordpress\/segunda\/wp-content\/uploads\/2019\/11\/BomberosDipu2-768x499.jpg 768w\" sizes=\"auto, (max-width: 1024px) 100vw, 1024px\" \/><figcaption>El Consorcio Provincial de Bomberos ha constituido su nueva Junta de Gobierno.<\/figcaption><\/figure>\n\n\n\n<p>El Consorcio Provincial de Bomberos de Val\u00e8ncia ha celebrado este lunes su Asamblea General, en la cual est\u00e1n representados los 229 municipios consorciados, adem\u00e1s de la Generalitat y la Diputaci\u00f3 de Val\u00e8ncia, a la cual corresponde la presidencia. Entre otros asuntos de organizaci\u00f3n interna, se ha constituido la nueva Junta de Gobierno.<\/p>\n\n\n\n<p>Con M\u00aa Josep Amig\u00f3 como presidenta y Jos\u00e9 Mar\u00eda \u00c1ngel como vicepresidente, en calidad de director general de la Agencia de Seguridad y Respuesta a las Emergencias de la Generalitat, integran esta Junta de Gobierno del Consorcio Provincial los representantes de los siguientes municipios consorciados: M\u00aa Jos\u00e9 Clemente, por Sinarcas; Ramiro Rivera, por Titaguas; Emilio Morales, por Chiva; Jes\u00fas Monz\u00f3, por Catarroja; Carolina Mengual, por Rafol de Salem; y Miguel Donet, representante de Barx. Mengual y Donet son los \u00fanicos miembros de la junta que repiten.<\/p>\n\n\n\n<p>A la Asamblea General han asistido la presidenta del Consorcio, M\u00aa Josep Amig\u00f3, representantes de los grupos pol\u00edticos y miembros de la Asamblea, secretario, interventor y gerente. A esta asamblea le corresponde la fiscalizaci\u00f3n de los diferentes \u00f3rganos de gobierno y la aprobaci\u00f3n de los presupuestos anuales, los reglamentos y ordenanzas, los acuerdos de condiciones de trabajo de sus empleados y la modificaci\u00f3n de sus estatutos, entre otros asuntos. Tras la celebraci\u00f3n de las pasadas elecciones locales se constituy\u00f3 el pasado mes de octubre con los representantes nombrados por los diferentes ayuntamientos.<\/p>\n\n\n\n<p>En la sesi\u00f3n de este lunes se han informado y acordado diferentes medidas de organizaci\u00f3n, como la citada composici\u00f3n de la Junta de Gobierno y las materias de competencia de la Asamblea que se delegan en la misma para mayor operatividad, el r\u00e9gimen de sesiones, la constituci\u00f3n de los diferentes grupos pol\u00edticos y la comisi\u00f3n informativa que permitir\u00e1 dictaminar previamente los asuntos que deban ser debatidos en la Asamblea. Todos estos temas se pondr\u00e1n a disposici\u00f3n de los interesados en el portal de transparencia del Consorcio.<\/p>\n\n\n\n<p>Durante el acto se ha aprobado una moci\u00f3n contra la Violencia de G\u00e9nero y el resto de propuestas, todas por unanimidad.<\/p>\n\n\n\n<p>El Consorcio Provincial de Bomberos de Val\u00e8ncia presta sus servicios en todos los pueblos de las comarcas valencianas con excepci\u00f3n del municipio de Val\u00e8ncia, que cuenta con su propio cuerpo de bomberos dependiente del Ayuntamiento. Para ello dispone de un total de 24 parques de bomberos distribuidos por el territorio. Durante el a\u00f1o 2018 el Consorcio prest\u00f3 un total de 15.372 servicios de los cuales 9.516 correspondieron a emergencias de todo tipo, desde incendios en viviendas o en la monta\u00f1a hasta rescates en accidentes de tr\u00e1fico o en la monta\u00f1a. &nbsp;<br><\/p>\n","protected":false},"excerpt":{"rendered":"<div class=\"mh-excerpt\">El Consorcio Provincial de Bomberos de Val\u00e8ncia ha celebrado este lunes su Asamblea General, en la cual est\u00e1n representados los 229 municipios consorciados, adem\u00e1s de la Generalitat y la Diputaci\u00f3 de Val\u00e8ncia, a la cual <a class=\"mh-excerpt-more\" href=\"https:\/\/www.tucomarca.com\/wordpress\/segunda\/los-representantes-de-sinarcas-titaguas-catarroja-y-chiva-entran-en-la-junta-de-gobierno-del-consorcio-provincial-de-bomberos\/\" title=\"Los representantes de Sinarcas, Titaguas, Catarroja y Chiva entran en la Junta de Gobierno del Consorcio Provincial de Bomberos\">[+] <\/a><\/div>\n","protected":false},"author":1,"featured_media":96497,"comment_status":"open","ping_status":"open","sticky":false,"template":"","format":"standard","meta":{"footnotes":""},"categories":[16,128,8,72,10,59,142,27,3,235,116,189,45],"tags":[],"class_list":{"0":"post-96496","1":"post","2":"type-post","3":"status-publish","4":"format-standard","5":"has-post-thumbnail","7":"category-chiva","8":"category-infraestructuras","9":"category-la-comarca","10":"category-sin-categorizar","11":"category-la-hoya","12":"category-los-serranos","13":"category-politica-la-comarca","14":"category-requena-utiel","15":"category-seccion","16":"category-sinarcas","17":"category-sucesos-la-comarca","18":"category-titaguas","19":"category-ventana"},"_links":{"self":[{"href":"https:\/\/www.tucomarca.com\/wordpress\/segunda\/wp-json\/wp\/v2\/posts\/96496","targetHints":{"allow":["GET"]}}],"collection":[{"href":"https:\/\/www.tucomarca.com\/wordpress\/segunda\/wp-json\/wp\/v2\/posts"}],"about":[{"href":"https:\/\/www.tucomarca.com\/wordpress\/segunda\/wp-json\/wp\/v2\/types\/post"}],"author":[{"embeddable":true,"href":"https:\/\/www.tucomarca.com\/wordpress\/segunda\/wp-json\/wp\/v2\/users\/1"}],"replies":[{"embeddable":true,"href":"https:\/\/www.tucomarca.com\/wordpress\/segunda\/wp-json\/wp\/v2\/comments?post=96496"}],"version-history":[{"count":0,"href":"https:\/\/www.tucomarca.com\/wordpress\/segunda\/wp-json\/wp\/v2\/posts\/96496\/revisions"}],"wp:featuredmedia":[{"embeddable":true,"href":"https:\/\/www.tucomarca.com\/wordpress\/segunda\/wp-json\/wp\/v2\/media\/96497"}],"wp:attachment":[{"href":"https:\/\/www.tucomarca.com\/wordpress\/segunda\/wp-json\/wp\/v2\/media?parent=96496"}],"wp:term":[{"taxonomy":"category","embeddable":true,"href":"https:\/\/www.tucomarca.com\/wordpress\/segunda\/wp-json\/wp\/v2\/categories?post=96496"},{"taxonomy":"post_tag","embeddable":true,"href":"https:\/\/www.tucomarca.com\/wordpress\/segunda\/wp-json\/wp\/v2\/tags?post=96496"}],"curies":[{"name":"wp","href":"https:\/\/api.w.org\/{rel}","templated":true}]}}