{"id":96528,"date":"2019-11-25T22:31:59","date_gmt":"2019-11-25T20:31:59","guid":{"rendered":"http:\/\/www.tucomarca.com\/wordpress\/segunda\/?p=96528"},"modified":"2019-11-25T22:32:10","modified_gmt":"2019-11-25T20:32:10","slug":"el-consell-manifiesta-su-compromiso-en-la-lucha-contra-la-violencia-de-genero","status":"publish","type":"post","link":"https:\/\/www.tucomarca.com\/wordpress\/segunda\/el-consell-manifiesta-su-compromiso-en-la-lucha-contra-la-violencia-de-genero\/","title":{"rendered":"El Consell manifiesta su compromiso en la lucha contra la violencia de g\u00e9nero"},"content":{"rendered":"\n<p>El Consell ha aprobado una declaraci\u00f3n institucional con motivo de la celebraci\u00f3n, el pr\u00f3ximo 25 de noviembre, del D\u00eda Internacional para la Eliminaci\u00f3n de la Violencia contra las Mujeres, en la que manifiesta su compromiso en la lucha contra la violencia de g\u00e9nero.&nbsp;<\/p>\n\n\n\n<p>La vicepresidenta y portavoz del Consell, M\u00f3nica Oltra, ha indicado que, a trav\u00e9s de esta declaraci\u00f3n institucional, el Gobierno valenciano muestra \u00absu solidaridad y la del pueblo valenciano con las mujeres v\u00edctimas de violencia de g\u00e9nero y sus familias\u00bb.&nbsp;<\/p>\n\n\n\n<p>Oltra, que ha comparecido en rueda de prensa tras la reuni\u00f3n semanal del Consell, ha indicado que el Gobierno valenciano manifiesta \u00abel absoluto rechazo a los agresores y hombres que ejercen cualquier tipo de violencia contra las mujeres y sus hijos e hijas\u00bb e interpela \u00aba toda la sociedad para acabar con este conflicto social y pol\u00edtico basado en las relaciones de dominaci\u00f3n patriarcales en las que se sustenta la violencia machista\u00bb.&nbsp;<\/p>\n\n\n\n<p>En este sentido, la vicepresidenta ha recordado que la campa\u00f1a institucional de la Generalitat con motivo del D\u00eda Internacional para la Eliminaci\u00f3n de la Violencia contra las Mujeres, que lleva como lema \u00abAix\u00edS\u00ed\u00bb, utiliza a los j\u00f3venes como referente \u00abreforzando su comportamiento positivo hacia comportamientos igualitarios\u00bb.&nbsp;<\/p>\n\n\n\n<p><strong>Acciones a favor de la igualdad<\/strong><\/p>\n\n\n\n<p>La declaraci\u00f3n institucional establece el compromiso del Consell a luchar por la igualdad de oportunidades y contra la feminizaci\u00f3n del empobrecimiento y a la prevenci\u00f3n, coeducaci\u00f3n y promoci\u00f3n de la igualdad en nuevos imaginarios colectivos, basados en relaciones saludables, cr\u00edticas, igualitarias y placenteras.&nbsp;<\/p>\n\n\n\n<p>Tambi\u00e9n se compromete a garantizar la atenci\u00f3n integral a las mujeres v\u00edctimas de violencia de g\u00e9nero y machista y a sus hijos e hijas desde la red p\u00fablica de la Generalitat y la mejor coordinaci\u00f3n con el resto de administraciones p\u00fablicas y agentes que intervienen.&nbsp;<\/p>\n\n\n\n<p>Asimismo, la Generalitat impulsar\u00e1 la Estrategia Valenciana contra la Violencia Sexual, dentro del Pacto Valenciano contra la Violencia de G\u00e9nero y Machista, con el objetivo de acabar con la violencia sexual contra las mujeres y construir un nuevo marco relacional a partir de la coeducaci\u00f3n y el derecho a la sexualidad, apostando por la educaci\u00f3n afectivosexual desde edades tempranas.<\/p>\n","protected":false},"excerpt":{"rendered":"<div class=\"mh-excerpt\">El Consell ha aprobado una declaraci\u00f3n institucional con motivo de la celebraci\u00f3n, el pr\u00f3ximo 25 de noviembre, del D\u00eda Internacional para la Eliminaci\u00f3n de la Violencia contra las Mujeres, en la que manifiesta su compromiso <a class=\"mh-excerpt-more\" href=\"https:\/\/www.tucomarca.com\/wordpress\/segunda\/el-consell-manifiesta-su-compromiso-en-la-lucha-contra-la-violencia-de-genero\/\" title=\"El Consell manifiesta su compromiso en la lucha contra la violencia de g\u00e9nero\">[+] <\/a><\/div>\n","protected":false},"author":1,"featured_media":96529,"comment_status":"open","ping_status":"open","sticky":false,"template":"","format":"standard","meta":{"footnotes":""},"categories":[128,8,72,142,3,116,45],"tags":[],"class_list":{"0":"post-96528","1":"post","2":"type-post","3":"status-publish","4":"format-standard","5":"has-post-thumbnail","7":"category-infraestructuras","8":"category-la-comarca","9":"category-sin-categorizar","10":"category-politica-la-comarca","11":"category-seccion","12":"category-sucesos-la-comarca","13":"category-ventana"},"_links":{"self":[{"href":"https:\/\/www.tucomarca.com\/wordpress\/segunda\/wp-json\/wp\/v2\/posts\/96528","targetHints":{"allow":["GET"]}}],"collection":[{"href":"https:\/\/www.tucomarca.com\/wordpress\/segunda\/wp-json\/wp\/v2\/posts"}],"about":[{"href":"https:\/\/www.tucomarca.com\/wordpress\/segunda\/wp-json\/wp\/v2\/types\/post"}],"author":[{"embeddable":true,"href":"https:\/\/www.tucomarca.com\/wordpress\/segunda\/wp-json\/wp\/v2\/users\/1"}],"replies":[{"embeddable":true,"href":"https:\/\/www.tucomarca.com\/wordpress\/segunda\/wp-json\/wp\/v2\/comments?post=96528"}],"version-history":[{"count":0,"href":"https:\/\/www.tucomarca.com\/wordpress\/segunda\/wp-json\/wp\/v2\/posts\/96528\/revisions"}],"wp:featuredmedia":[{"embeddable":true,"href":"https:\/\/www.tucomarca.com\/wordpress\/segunda\/wp-json\/wp\/v2\/media\/96529"}],"wp:attachment":[{"href":"https:\/\/www.tucomarca.com\/wordpress\/segunda\/wp-json\/wp\/v2\/media?parent=96528"}],"wp:term":[{"taxonomy":"category","embeddable":true,"href":"https:\/\/www.tucomarca.com\/wordpress\/segunda\/wp-json\/wp\/v2\/categories?post=96528"},{"taxonomy":"post_tag","embeddable":true,"href":"https:\/\/www.tucomarca.com\/wordpress\/segunda\/wp-json\/wp\/v2\/tags?post=96528"}],"curies":[{"name":"wp","href":"https:\/\/api.w.org\/{rel}","templated":true}]}}