{"id":96645,"date":"2019-11-28T02:49:55","date_gmt":"2019-11-28T00:49:55","guid":{"rendered":"http:\/\/www.tucomarca.com\/wordpress\/segunda\/?p=96645"},"modified":"2019-11-28T02:51:32","modified_gmt":"2019-11-28T00:51:32","slug":"la-diputacion-imparte-talleres-de-prevencion-de-drogodependencias-en-los-colegios-virgen-del-carmen-y-el-garbi","status":"publish","type":"post","link":"https:\/\/www.tucomarca.com\/wordpress\/segunda\/la-diputacion-imparte-talleres-de-prevencion-de-drogodependencias-en-los-colegios-virgen-del-carmen-y-el-garbi\/","title":{"rendered":"La Diputaci\u00f3 imparte talleres de prevenci\u00f3n de drogodependencias en los colegios Virgen del Carmen y El Garb\u00ed en L&#8217;Eliana"},"content":{"rendered":"\n<p><strong>La iniciativa se extiende a 143 municipios con un coste total de 109.500<br>euros<\/strong><\/p>\n\n\n\n<p>La Diputaci\u00f3n Provincial de Val\u00e8ncia est\u00e1 llevando a cabo un programa de<br class=\"\">prevenci\u00f3n de drogodependencias y otros comportamientos adictivos, a lo<br class=\"\">largo de este ejercicio de 2019, destinado a localidades de menos de<br class=\"\">20.000 habitantes. El municipio de l\u2019Eliana se ha beneficiado de este plan<br class=\"\">ofreciendo al alumnado de los colegios Virgen del Carmen y El Garb\u00ed sendas<br class=\"\">sesiones formativas.<\/p>\n\n\n\n<p>El pasado 13 de novembre tuvo lugar la sesi\u00f3n en el CEIP Virgen del<br class=\"\">Carmen, titulada \u201cEducando emociones\u201d. Esta acci\u00f3n est\u00e1 dirigida a la<br class=\"\">\u00faltima fase de la ni\u00f1ez, antes de llegar la adolescencia,un periodo<br class=\"\">cr\u00edtico para la prevenci\u00f3n de las \u201cconductas problema\u201d, ya que la<br class=\"\">transici\u00f3n entre la etapa primaria y secundaria supone un cambio para las<br class=\"\">ni\u00f1as y los ni\u00f1os que requiere poner en marcha habilitades<br class=\"\">socioemocionales que les permitan la adaptaci\u00f3n positiva a dicho cambio.<br class=\"\">En este taller, dirigido por Luka Soriano, se trabaj\u00f3 vivencialmente con<br class=\"\">din\u00e1micas relacionales las competencias emocionales b\u00e1sicas. Con ello se<br class=\"\">persigue dotar al alumnado de las habilitades necesarias para afrontar la<br class=\"\">entrada a la pubertad y la adolescencia, reduciendo los riesgos asociados<br class=\"\">al consumo de drogas.<\/p>\n\n\n\n<p>El 26 de novembre se llev\u00f3 a cabo en el CEIP El Garb\u00ed la segunda sesi\u00f3n,<br class=\"\">titulada \u201cCortometrajes y valores\u201d. La herramienta de trabajo en esta<br class=\"\">ocasi\u00f3n es el cine, medio que se ha convertido en un gran aliado de la<br class=\"\">prevenci\u00f3n ya que su atractivo y su potencial capacidad educativa permite<br class=\"\">la transmisi\u00f3n de valores y la reflexi\u00f3n cr\u00edtica. El taller, conducido por<br class=\"\">Julia Pons, facilita un espacio de reflexi\u00f3n personal sobre los valores<br class=\"\">que promueven su salud y su desarrollo psicosocial.<\/p>\n\n\n\n<p>El programa de prevenci\u00f3n de drogodependencias de la Diputaci\u00f3n de este<br class=\"\">a\u00f1o 2019 ha alcanzado a 143 municipios y ha sido dotado con un presupuesto<br class=\"\">total de 109.500 euros.<\/p>\n","protected":false},"excerpt":{"rendered":"<div class=\"mh-excerpt\">La iniciativa se extiende a 143 municipios con un coste total de 109.500euros La Diputaci\u00f3n Provincial de Val\u00e8ncia est\u00e1 llevando a cabo un programa deprevenci\u00f3n de drogodependencias y otros comportamientos adictivos, a lolargo de este <a class=\"mh-excerpt-more\" href=\"https:\/\/www.tucomarca.com\/wordpress\/segunda\/la-diputacion-imparte-talleres-de-prevencion-de-drogodependencias-en-los-colegios-virgen-del-carmen-y-el-garbi\/\" title=\"La Diputaci\u00f3 imparte talleres de prevenci\u00f3n de drogodependencias en los colegios Virgen del Carmen y El Garb\u00ed en L&#8217;Eliana\">[+] <\/a><\/div>\n","protected":false},"author":12,"featured_media":96647,"comment_status":"open","ping_status":"open","sticky":false,"template":"","format":"standard","meta":{"footnotes":""},"categories":[46,128,177,8,142,3],"tags":[3677],"class_list":{"0":"post-96645","1":"post","2":"type-post","3":"status-publish","4":"format-standard","5":"has-post-thumbnail","7":"category-camp-de-turia","8":"category-infraestructuras","9":"category-leliana","10":"category-la-comarca","11":"category-politica-la-comarca","12":"category-seccion","13":"tag-diputacio-de-valencia"},"_links":{"self":[{"href":"https:\/\/www.tucomarca.com\/wordpress\/segunda\/wp-json\/wp\/v2\/posts\/96645","targetHints":{"allow":["GET"]}}],"collection":[{"href":"https:\/\/www.tucomarca.com\/wordpress\/segunda\/wp-json\/wp\/v2\/posts"}],"about":[{"href":"https:\/\/www.tucomarca.com\/wordpress\/segunda\/wp-json\/wp\/v2\/types\/post"}],"author":[{"embeddable":true,"href":"https:\/\/www.tucomarca.com\/wordpress\/segunda\/wp-json\/wp\/v2\/users\/12"}],"replies":[{"embeddable":true,"href":"https:\/\/www.tucomarca.com\/wordpress\/segunda\/wp-json\/wp\/v2\/comments?post=96645"}],"version-history":[{"count":0,"href":"https:\/\/www.tucomarca.com\/wordpress\/segunda\/wp-json\/wp\/v2\/posts\/96645\/revisions"}],"wp:featuredmedia":[{"embeddable":true,"href":"https:\/\/www.tucomarca.com\/wordpress\/segunda\/wp-json\/wp\/v2\/media\/96647"}],"wp:attachment":[{"href":"https:\/\/www.tucomarca.com\/wordpress\/segunda\/wp-json\/wp\/v2\/media?parent=96645"}],"wp:term":[{"taxonomy":"category","embeddable":true,"href":"https:\/\/www.tucomarca.com\/wordpress\/segunda\/wp-json\/wp\/v2\/categories?post=96645"},{"taxonomy":"post_tag","embeddable":true,"href":"https:\/\/www.tucomarca.com\/wordpress\/segunda\/wp-json\/wp\/v2\/tags?post=96645"}],"curies":[{"name":"wp","href":"https:\/\/api.w.org\/{rel}","templated":true}]}}