{"id":9687,"date":"2012-12-03T14:15:50","date_gmt":"2012-12-03T13:15:50","guid":{"rendered":"http:\/\/www.tucomarca.com\/wordpress\/segunda\/?p=9687"},"modified":"2012-12-03T19:44:59","modified_gmt":"2012-12-03T18:44:59","slug":"reconocimiento-de-la-asociacion-de-comerciantes-de-bunol-a-julia-estelles","status":"publish","type":"post","link":"https:\/\/www.tucomarca.com\/wordpress\/segunda\/reconocimiento-de-la-asociacion-de-comerciantes-de-bunol-a-julia-estelles\/","title":{"rendered":"Reconocimiento de la Asociaci\u00f3n de Comerciantes de Bu\u00f1ol a Julia Espert S\u00e1ez"},"content":{"rendered":"<p>La Asociaci\u00f3n de Comerciantes de Bu\u00f1ol ha tenido un reconocimiento \u00aba casi medio siglo de profesi\u00f3n a una de sus asociadas, Julia Espert S\u00e1ez, propietaria del sal\u00f3n de peluquer\u00eda Julia Estilistas\u00bb, tal como han informado desde la entidad.<br \/>\nJulia Estell\u00e9s ha cumplido 65 a\u00f1os y la junta directiva de la Asociaci\u00f3n de Empresarios y Aut\u00f3nomos de Bu\u00f1ol, encabezada por su presidenta, Conch\u00edn Cus\u00ed, junto a varios miembros de la junta directiva rindieron este homenaje a una de sus asociadas m\u00e1s veteranas.<\/p>\n","protected":false},"excerpt":{"rendered":"<div class=\"mh-excerpt\">La Asociaci\u00f3n de Comerciantes de Bu\u00f1ol ha tenido un reconocimiento \u00aba casi medio siglo de profesi\u00f3n a una de sus asociadas, Julia Espert S\u00e1ez, propietaria del sal\u00f3n de peluquer\u00eda Julia Estilistas\u00bb, tal como han informado <a class=\"mh-excerpt-more\" href=\"https:\/\/www.tucomarca.com\/wordpress\/segunda\/reconocimiento-de-la-asociacion-de-comerciantes-de-bunol-a-julia-estelles\/\" title=\"Reconocimiento de la Asociaci\u00f3n de Comerciantes de Bu\u00f1ol a Julia Espert S\u00e1ez\">[+] <\/a><\/div>\n","protected":false},"author":1,"featured_media":0,"comment_status":"open","ping_status":"open","sticky":false,"template":"","format":"standard","meta":{"footnotes":""},"categories":[18,8,10],"tags":[],"class_list":{"0":"post-9687","1":"post","2":"type-post","3":"status-publish","4":"format-standard","6":"category-bunol","7":"category-la-comarca","8":"category-la-hoya"},"_links":{"self":[{"href":"https:\/\/www.tucomarca.com\/wordpress\/segunda\/wp-json\/wp\/v2\/posts\/9687","targetHints":{"allow":["GET"]}}],"collection":[{"href":"https:\/\/www.tucomarca.com\/wordpress\/segunda\/wp-json\/wp\/v2\/posts"}],"about":[{"href":"https:\/\/www.tucomarca.com\/wordpress\/segunda\/wp-json\/wp\/v2\/types\/post"}],"author":[{"embeddable":true,"href":"https:\/\/www.tucomarca.com\/wordpress\/segunda\/wp-json\/wp\/v2\/users\/1"}],"replies":[{"embeddable":true,"href":"https:\/\/www.tucomarca.com\/wordpress\/segunda\/wp-json\/wp\/v2\/comments?post=9687"}],"version-history":[{"count":0,"href":"https:\/\/www.tucomarca.com\/wordpress\/segunda\/wp-json\/wp\/v2\/posts\/9687\/revisions"}],"wp:attachment":[{"href":"https:\/\/www.tucomarca.com\/wordpress\/segunda\/wp-json\/wp\/v2\/media?parent=9687"}],"wp:term":[{"taxonomy":"category","embeddable":true,"href":"https:\/\/www.tucomarca.com\/wordpress\/segunda\/wp-json\/wp\/v2\/categories?post=9687"},{"taxonomy":"post_tag","embeddable":true,"href":"https:\/\/www.tucomarca.com\/wordpress\/segunda\/wp-json\/wp\/v2\/tags?post=9687"}],"curies":[{"name":"wp","href":"https:\/\/api.w.org\/{rel}","templated":true}]}}