{"id":9689,"date":"2012-12-03T14:31:41","date_gmt":"2012-12-03T13:31:41","guid":{"rendered":"http:\/\/www.tucomarca.com\/wordpress\/segunda\/?p=9689"},"modified":"2012-12-03T14:31:41","modified_gmt":"2012-12-03T13:31:41","slug":"arranca-la-campana-de-promocion-del-comercio-local-en-cheste-para-la-navidad","status":"publish","type":"post","link":"https:\/\/www.tucomarca.com\/wordpress\/segunda\/arranca-la-campana-de-promocion-del-comercio-local-en-cheste-para-la-navidad\/","title":{"rendered":"Arranca la campa\u00f1a de promoci\u00f3n del comercio local en Cheste para la Navidad"},"content":{"rendered":"<p>Hoy lunes los chestanos ya pueden comenzar a participar en la Campa\u00f1a del Comercio Local 2012\/2013 \u201cEsta Navidad tus compras en Cheste\u201d.<\/p>\n<p>Con ella el Ayuntamiento de Cheste a trav\u00e9s de su Concejal\u00eda de Desarrollo Empresarial y junto al apoyo incondicional de los Asociaci\u00f3n de Empresarios y Pymes de Cheste y de la Asociaci\u00f3n del Mercado Municipal, pretenden beneficiar y resarcir la fidelidad de los clientes que compren en el municipio.<\/p>\n<p>En esta edici\u00f3n los chestanos, o clientes del comercio local,\u00a0 pueden ganar hasta seis premios econ\u00f3micos de 250 euros cada uno. El sorteo se realizar\u00e1 el pr\u00f3ximo d\u00eda 4 de enero y en \u00e9l participaran todos los tickets de compra que se hayan introducido en las urnas desde hoy y hasta el pr\u00f3ximo 2 de Enero.<\/p>\n<p>El alcalde de Cheste, David Dom\u00e9nech, ha querido recordar que \u201csolo se admitir\u00e1n los tickets de compra en los que se haya escrito el nombre y el tel\u00e9fono del cliente detr\u00e1s, para localizar al afortunado\u201d.<\/p>\n<p>Promocionar, dinamizar y activar el peque\u00f1o y mediano comercio local e incentivar las compras en las empresas de la poblaci\u00f3n durante el periodo de Navidad y meses posteriores, son el objeto del lanzamiento de esta campa\u00f1a y de los esfuerzos del Ayuntamiento por difundirla y que tenga \u00e9xito.<\/p>\n<p>Este viernes, los comerciantes se reunieron en la Pizzeria la Toscana en Plaza Constituci\u00f3n para ultimar los detalles de esta campa\u00f1a y dar el pistoletazo de salida a la Navidad en los comercios chestanos.<\/p>\n","protected":false},"excerpt":{"rendered":"<div class=\"mh-excerpt\">Hoy lunes los chestanos ya pueden comenzar a participar en la Campa\u00f1a del Comercio Local 2012\/2013 \u201cEsta Navidad tus compras en Cheste\u201d. Con ella el Ayuntamiento de Cheste a trav\u00e9s de su Concejal\u00eda de Desarrollo <a class=\"mh-excerpt-more\" href=\"https:\/\/www.tucomarca.com\/wordpress\/segunda\/arranca-la-campana-de-promocion-del-comercio-local-en-cheste-para-la-navidad\/\" title=\"Arranca la campa\u00f1a de promoci\u00f3n del comercio local en Cheste para la Navidad\">[+] <\/a><\/div>\n","protected":false},"author":1,"featured_media":9690,"comment_status":"open","ping_status":"open","sticky":false,"template":"","format":"standard","meta":{"footnotes":""},"categories":[17,8,10,3,45],"tags":[],"class_list":{"0":"post-9689","1":"post","2":"type-post","3":"status-publish","4":"format-standard","5":"has-post-thumbnail","7":"category-cheste","8":"category-la-comarca","9":"category-la-hoya","10":"category-seccion","11":"category-ventana"},"_links":{"self":[{"href":"https:\/\/www.tucomarca.com\/wordpress\/segunda\/wp-json\/wp\/v2\/posts\/9689","targetHints":{"allow":["GET"]}}],"collection":[{"href":"https:\/\/www.tucomarca.com\/wordpress\/segunda\/wp-json\/wp\/v2\/posts"}],"about":[{"href":"https:\/\/www.tucomarca.com\/wordpress\/segunda\/wp-json\/wp\/v2\/types\/post"}],"author":[{"embeddable":true,"href":"https:\/\/www.tucomarca.com\/wordpress\/segunda\/wp-json\/wp\/v2\/users\/1"}],"replies":[{"embeddable":true,"href":"https:\/\/www.tucomarca.com\/wordpress\/segunda\/wp-json\/wp\/v2\/comments?post=9689"}],"version-history":[{"count":0,"href":"https:\/\/www.tucomarca.com\/wordpress\/segunda\/wp-json\/wp\/v2\/posts\/9689\/revisions"}],"wp:featuredmedia":[{"embeddable":true,"href":"https:\/\/www.tucomarca.com\/wordpress\/segunda\/wp-json\/wp\/v2\/media\/9690"}],"wp:attachment":[{"href":"https:\/\/www.tucomarca.com\/wordpress\/segunda\/wp-json\/wp\/v2\/media?parent=9689"}],"wp:term":[{"taxonomy":"category","embeddable":true,"href":"https:\/\/www.tucomarca.com\/wordpress\/segunda\/wp-json\/wp\/v2\/categories?post=9689"},{"taxonomy":"post_tag","embeddable":true,"href":"https:\/\/www.tucomarca.com\/wordpress\/segunda\/wp-json\/wp\/v2\/tags?post=9689"}],"curies":[{"name":"wp","href":"https:\/\/api.w.org\/{rel}","templated":true}]}}