{"id":9697,"date":"2012-12-03T14:17:10","date_gmt":"2012-12-03T13:17:10","guid":{"rendered":"http:\/\/www.tucomarca.com\/wordpress\/segunda\/?p=9697"},"modified":"2012-12-03T14:17:41","modified_gmt":"2012-12-03T13:17:41","slug":"la-fsmcv-reclama-al-ministerio-de-educacion-mayor-presencia-y-defensa-de-la-musica","status":"publish","type":"post","link":"https:\/\/www.tucomarca.com\/wordpress\/segunda\/la-fsmcv-reclama-al-ministerio-de-educacion-mayor-presencia-y-defensa-de-la-musica\/","title":{"rendered":"La FSMCV reclama al Ministerio de Educaci\u00f3n mayor presencia y defensa de la m\u00fasica"},"content":{"rendered":"<p>La FSMCV ha reclamado al Ministerio de Educaci\u00f3n una mayor presencia y defensa de la m\u00fasica en el sistema educativo por su incidencia formativa, social y mejora del rendimiento escolar.<\/p>\n<p>La Federaci\u00f3n aporta al Gobierno prestigiosos estudios que concluyen que la m\u00fasica es una eficaz herramienta contra el fracaso escolar que refuerzan la decisi\u00f3n de recuperar el Bachillerato de Artes Esc\u00e9nicas en la LOMCE.<\/p>\n<p>La FSMCV agrupa a 539 sociedades musicales presentes en el 96,5% de los municipios de la Comunidad Valenciana, 40.000 m\u00fasicos (el 50% de Espa\u00f1a), 60.000 alumnos de escuelas de m\u00fasica y 200.000 socios.<\/p>\n<p>M\u00aa Jos\u00e9 Catal\u00e0, consellera de Educaci\u00f3n, present\u00f3 una evaluaci\u00f3n diagn\u00f3stica realizada a 95.812 alumnos y conclu\u00eda que \u201cla ense\u00f1anza musical repercute<br \/>\npositivamente sobre los resultados acad\u00e9micos\u201d.<\/p>\n<p>Josep Francesc Almer\u00eda, presidente de la FSMCV, insta a Jos\u00e9 Ignacio Wert a \u201cpromocionar y estimular las ense\u00f1anzas art\u00edsticas por su demostrada proyecci\u00f3n social, laboral, econ\u00f3mica y cultural\u201d.<\/p>\n","protected":false},"excerpt":{"rendered":"<div class=\"mh-excerpt\">La FSMCV ha reclamado al Ministerio de Educaci\u00f3n una mayor presencia y defensa de la m\u00fasica en el sistema educativo por su incidencia formativa, social y mejora del rendimiento escolar. La Federaci\u00f3n aporta al Gobierno <a class=\"mh-excerpt-more\" href=\"https:\/\/www.tucomarca.com\/wordpress\/segunda\/la-fsmcv-reclama-al-ministerio-de-educacion-mayor-presencia-y-defensa-de-la-musica\/\" title=\"La FSMCV reclama al Ministerio de Educaci\u00f3n mayor presencia y defensa de la m\u00fasica\">[+] <\/a><\/div>\n","protected":false},"author":1,"featured_media":0,"comment_status":"open","ping_status":"open","sticky":false,"template":"","format":"standard","meta":{"footnotes":""},"categories":[66,72,10,7,3],"tags":[],"class_list":{"0":"post-9697","1":"post","2":"type-post","3":"status-publish","4":"format-standard","6":"category-musica","7":"category-sin-categorizar","8":"category-la-hoya","9":"category-ocio-y-cultura","10":"category-seccion"},"_links":{"self":[{"href":"https:\/\/www.tucomarca.com\/wordpress\/segunda\/wp-json\/wp\/v2\/posts\/9697","targetHints":{"allow":["GET"]}}],"collection":[{"href":"https:\/\/www.tucomarca.com\/wordpress\/segunda\/wp-json\/wp\/v2\/posts"}],"about":[{"href":"https:\/\/www.tucomarca.com\/wordpress\/segunda\/wp-json\/wp\/v2\/types\/post"}],"author":[{"embeddable":true,"href":"https:\/\/www.tucomarca.com\/wordpress\/segunda\/wp-json\/wp\/v2\/users\/1"}],"replies":[{"embeddable":true,"href":"https:\/\/www.tucomarca.com\/wordpress\/segunda\/wp-json\/wp\/v2\/comments?post=9697"}],"version-history":[{"count":0,"href":"https:\/\/www.tucomarca.com\/wordpress\/segunda\/wp-json\/wp\/v2\/posts\/9697\/revisions"}],"wp:attachment":[{"href":"https:\/\/www.tucomarca.com\/wordpress\/segunda\/wp-json\/wp\/v2\/media?parent=9697"}],"wp:term":[{"taxonomy":"category","embeddable":true,"href":"https:\/\/www.tucomarca.com\/wordpress\/segunda\/wp-json\/wp\/v2\/categories?post=9697"},{"taxonomy":"post_tag","embeddable":true,"href":"https:\/\/www.tucomarca.com\/wordpress\/segunda\/wp-json\/wp\/v2\/tags?post=9697"}],"curies":[{"name":"wp","href":"https:\/\/api.w.org\/{rel}","templated":true}]}}